{"id":42271,"date":"2025-07-15T22:33:03","date_gmt":"2025-07-15T19:33:03","guid":{"rendered":"https:\/\/www.egemtv.com\/?p=42271"},"modified":"2025-07-15T22:33:07","modified_gmt":"2025-07-15T19:33:07","slug":"ak-parti-kutahya-milletvekili-demirden-ihlas-haber-ajansina-ziyaret-ve-15-temmuz-mesaji","status":"publish","type":"post","link":"https:\/\/www.egemtv.com\/?p=42271","title":{"rendered":"AK Parti K\u00fctahya Milletvekili Demir\u2019den \u0130hlas Haber Ajans\u0131\u2019na ziyaret ve 15 Temmuz mesaj\u0131"},"content":{"rendered":"<p>AK Parti K\u00fctahya Milletvekili Mehmet Demir, medya ziyaretleri kapsam\u0131nda \u0130hlas Haber Ajans\u0131 (\u0130HA) K\u00fctahya B\u00fcrosu\u2019nu ziyaret etti.<br \/>\n<br \/>Ger\u00e7ekle\u015ftirilen g\u00f6r\u00fc\u015fmede, K\u00fctahya ve il\u00e7elerine y\u00f6nelik y\u00fcr\u00fct\u00fclen \u00e7al\u0131\u015fmalar hakk\u0131nda kar\u015f\u0131l\u0131kl\u0131 fikir al\u0131\u015fveri\u015finde bulunuldu. Ziyaret sonras\u0131 a\u00e7\u0131klamalarda bulunan Milletvekili Demir, &#8220;Nazik ev sahipli\u011fi i\u00e7in H\u00fcseyin Efe\u2019ye te\u015fekk\u00fcr ediyor, \u0130hlas Haber Ajans\u0131 ailesine \u00e7al\u0131\u015fmalar\u0131nda ba\u015far\u0131lar diliyorum&#8221; ifadelerini kulland\u0131.<\/p>\n<p>&#8220;15 Temmuz, bir milletin direni\u015f ve onur destan\u0131d\u0131r&#8221;<br \/>\n<br \/>Milletvekili Mehmet Demir, 15 Temmuz Demokrasi ve Milli Birlik G\u00fcn\u00fc\u2019n\u00fcn 9. y\u0131l\u0131 dolay\u0131s\u0131yla yapt\u0131\u011f\u0131 a\u00e7\u0131klamada \u015fu ifadeleri kulland\u0131:<br \/>\n<br \/>&#8220;15 Temmuz, sadece bir tarih de\u011fil; bir milletin can\u0131 pahas\u0131na yazd\u0131\u011f\u0131 direni\u015f ve onur destan\u0131d\u0131r. Bu karanl\u0131k gecenin 9. y\u0131l\u0131nda, vatan u\u011fruna topra\u011fa d\u00fc\u015fen aziz \u015fehitlerimizi rahmet ve minnetle yad ediyor, gazi olan kahramanlar\u0131m\u0131za \u015f\u00fckranlar\u0131m\u0131 sunuyorum. Bu millet, size daima bor\u00e7ludur.&#8221;<br \/><\/p>\n","protected":false},"excerpt":{"rendered":"<p>AK Parti K\u00fctahya Milletvekili Mehmet Demir, medya ziyaretleri kapsam\u0131nda \u0130hlas Haber Ajans\u0131 (\u0130HA) K\u00fctahya B\u00fcrosu\u2019nu ziyaret etti. Ger\u00e7ekle\u015ftirilen g\u00f6r\u00fc\u015fmede, K\u00fctahya ve il\u00e7elerine y\u00f6nelik y\u00fcr\u00fct\u00fclen \u00e7al\u0131\u015fmalar hakk\u0131nda kar\u015f\u0131l\u0131kl\u0131 fikir al\u0131\u015fveri\u015finde bulunuldu. Ziyaret sonras\u0131 a\u00e7\u0131klamalarda bulunan Milletvekili Demir, &#8220;Nazik ev sahipli\u011fi i\u00e7in H\u00fcseyin Efe\u2019ye te\u015fekk\u00fcr ediyor, \u0130hlas Haber Ajans\u0131 ailesine \u00e7al\u0131\u015fmalar\u0131nda ba\u015far\u0131lar diliyorum&#8221; ifadelerini kulland\u0131. &#8220;15 Temmuz,&#8230;<\/p>\n","protected":false},"author":1,"featured_media":42272,"comment_status":"open","ping_status":"open","sticky":false,"template":"","format":"standard","meta":{"_crdt_document":"","footnotes":""},"categories":[127],"tags":[],"class_list":["post-42271","post","type-post","status-publish","format-standard","has-post-thumbnail","hentry","category-siyaset"],"_links":{"self":[{"href":"https:\/\/www.egemtv.com\/index.php?rest_route=\/wp\/v2\/posts\/42271","targetHints":{"allow":["GET"]}}],"collection":[{"href":"https:\/\/www.egemtv.com\/index.php?rest_route=\/wp\/v2\/posts"}],"about":[{"href":"https:\/\/www.egemtv.com\/index.php?rest_route=\/wp\/v2\/types\/post"}],"author":[{"embeddable":true,"href":"https:\/\/www.egemtv.com\/index.php?rest_route=\/wp\/v2\/users\/1"}],"replies":[{"embeddable":true,"href":"https:\/\/www.egemtv.com\/index.php?rest_route=%2Fwp%2Fv2%2Fcomments&post=42271"}],"version-history":[{"count":1,"href":"https:\/\/www.egemtv.com\/index.php?rest_route=\/wp\/v2\/posts\/42271\/revisions"}],"predecessor-version":[{"id":42273,"href":"https:\/\/www.egemtv.com\/index.php?rest_route=\/wp\/v2\/posts\/42271\/revisions\/42273"}],"wp:featuredmedia":[{"embeddable":true,"href":"https:\/\/www.egemtv.com\/index.php?rest_route=\/wp\/v2\/media\/42272"}],"wp:attachment":[{"href":"https:\/\/www.egemtv.com\/index.php?rest_route=%2Fwp%2Fv2%2Fmedia&parent=42271"}],"wp:term":[{"taxonomy":"category","embeddable":true,"href":"https:\/\/www.egemtv.com\/index.php?rest_route=%2Fwp%2Fv2%2Fcategories&post=42271"},{"taxonomy":"post_tag","embeddable":true,"href":"https:\/\/www.egemtv.com\/index.php?rest_route=%2Fwp%2Fv2%2Ftags&post=42271"}],"curies":[{"name":"wp","href":"https:\/\/api.w.org\/{rel}","templated":true}]}}