{"id":42268,"date":"2025-07-15T22:32:58","date_gmt":"2025-07-15T19:32:58","guid":{"rendered":"https:\/\/www.egemtv.com\/?p=42268"},"modified":"2025-07-15T22:33:02","modified_gmt":"2025-07-15T19:33:02","slug":"15-temmuz-gazisi-emine-fidan-o-geceyi-anlatti","status":"publish","type":"post","link":"https:\/\/www.egemtv.com\/?p=42268","title":{"rendered":"15 Temmuz Gazisi Emine Fidan, o geceyi anlatt\u0131"},"content":{"rendered":"<p>15 Temmuz Demokrasi ve Milli Birlik G\u00fcn\u00fc dolay\u0131s\u0131yla Mu\u011fla\u2019n\u0131n Marmaris il\u00e7esinde d\u00fczenlenen kortej y\u00fcr\u00fcy\u00fc\u015f\u00fcnde y\u0131llard\u0131r oldu\u011fu gibi yine 15 Temmuz Gazisi Emine Fidan \u00f6n saflarda yer ald\u0131.<br \/>\n<br \/>Elektrikli bisikletiyle kortejin en \u00f6n\u00fcnde y\u00fcr\u00fcyen 67 ya\u015f\u0131ndaki Emine Fidan, 15 Temmuz gecesi ya\u015fad\u0131klar\u0131n\u0131 anlatt\u0131.  Her y\u0131l d\u00fczenlenen anma etkinliklerinde en \u00f6nde yer almaktan gurur duydu\u011funu belirten Fidan, &#8220;Bug\u00fcn de burada olman\u0131n gururunu ya\u015f\u0131yorum, her zaman en \u00f6n s\u0131rada olmaya devam edece\u011fim&#8221; diye konu\u015ftu.<br \/>\n<br \/>Fidan, 15 Temmuz gecesi ya\u015fad\u0131klar\u0131n\u0131 ise \u015fu s\u00f6zlerle anlatt\u0131:<br \/>\n<br \/>&#8220;Ben darbe gecesinin Nene Hatun\u2019u Emine Fidan. AK Parti\u2019nin kurucular\u0131ndan\u0131m. Darbe gecesinde kur\u015funlar\u0131n i\u00e7inden ald\u0131 beni gazetecilerle polisler. O gece deh\u015fetti. Allah bir daha o g\u00fcnleri ya\u015fatmas\u0131n milletimize, devletimize, \u00fclkemize. Cumhurumuza Allah zeval vermesin, ba\u015f\u0131m\u0131zdan eksik etmesin. Yoksa memleketin ne hale gelece\u011fini d\u00fc\u015f\u00fcnemiyorum. Bug\u00fcn rahat\u00e7a gezebiliyorsak onun sayesinde. Baz\u0131 yanl\u0131\u015f kelimeleri kullananlara, baz\u0131 yan g\u00f6r\u00fc\u015fl\u00fcleri Allah hidayete erdirsin. Bizi ba\u015fka \u00fclkelerle k\u0131yaslatmas\u0131n in\u015fallah.&#8221;<br \/>\n<br \/>Marmaris halk\u0131 taraf\u0131ndan yak\u0131ndan tan\u0131nan ve her y\u0131l milli birlik programlar\u0131nda aktif olarak yer alan Emine Fidan, 15 Temmuz\u2019un unutulmamas\u0131 gerekti\u011fini vurgulayarak gen\u00e7lere birlik ve beraberlik \u00e7a\u011fr\u0131s\u0131nda bulundu.<br \/><\/p>\n","protected":false},"excerpt":{"rendered":"<p>15 Temmuz Demokrasi ve Milli Birlik G\u00fcn\u00fc dolay\u0131s\u0131yla Mu\u011fla\u2019n\u0131n Marmaris il\u00e7esinde d\u00fczenlenen kortej y\u00fcr\u00fcy\u00fc\u015f\u00fcnde y\u0131llard\u0131r oldu\u011fu gibi yine 15 Temmuz Gazisi Emine Fidan \u00f6n saflarda yer ald\u0131. Elektrikli bisikletiyle kortejin en \u00f6n\u00fcnde y\u00fcr\u00fcyen 67 ya\u015f\u0131ndaki Emine Fidan, 15 Temmuz gecesi ya\u015fad\u0131klar\u0131n\u0131 anlatt\u0131. Her y\u0131l d\u00fczenlenen anma etkinliklerinde en \u00f6nde yer almaktan gurur duydu\u011funu belirten Fidan,&#8230;<\/p>\n","protected":false},"author":1,"featured_media":42269,"comment_status":"open","ping_status":"open","sticky":false,"template":"","format":"standard","meta":{"_crdt_document":"","footnotes":""},"categories":[1],"tags":[],"class_list":["post-42268","post","type-post","status-publish","format-standard","has-post-thumbnail","hentry","category-guncel"],"_links":{"self":[{"href":"https:\/\/www.egemtv.com\/index.php?rest_route=\/wp\/v2\/posts\/42268","targetHints":{"allow":["GET"]}}],"collection":[{"href":"https:\/\/www.egemtv.com\/index.php?rest_route=\/wp\/v2\/posts"}],"about":[{"href":"https:\/\/www.egemtv.com\/index.php?rest_route=\/wp\/v2\/types\/post"}],"author":[{"embeddable":true,"href":"https:\/\/www.egemtv.com\/index.php?rest_route=\/wp\/v2\/users\/1"}],"replies":[{"embeddable":true,"href":"https:\/\/www.egemtv.com\/index.php?rest_route=%2Fwp%2Fv2%2Fcomments&post=42268"}],"version-history":[{"count":1,"href":"https:\/\/www.egemtv.com\/index.php?rest_route=\/wp\/v2\/posts\/42268\/revisions"}],"predecessor-version":[{"id":42270,"href":"https:\/\/www.egemtv.com\/index.php?rest_route=\/wp\/v2\/posts\/42268\/revisions\/42270"}],"wp:featuredmedia":[{"embeddable":true,"href":"https:\/\/www.egemtv.com\/index.php?rest_route=\/wp\/v2\/media\/42269"}],"wp:attachment":[{"href":"https:\/\/www.egemtv.com\/index.php?rest_route=%2Fwp%2Fv2%2Fmedia&parent=42268"}],"wp:term":[{"taxonomy":"category","embeddable":true,"href":"https:\/\/www.egemtv.com\/index.php?rest_route=%2Fwp%2Fv2%2Fcategories&post=42268"},{"taxonomy":"post_tag","embeddable":true,"href":"https:\/\/www.egemtv.com\/index.php?rest_route=%2Fwp%2Fv2%2Ftags&post=42268"}],"curies":[{"name":"wp","href":"https:\/\/api.w.org\/{rel}","templated":true}]}}