{"id":42265,"date":"2025-07-15T21:37:09","date_gmt":"2025-07-15T18:37:09","guid":{"rendered":"https:\/\/www.egemtv.com\/?p=42265"},"modified":"2025-07-15T21:37:14","modified_gmt":"2025-07-15T18:37:14","slug":"usakta-otomobil-takla-atti-5-yarali","status":"publish","type":"post","link":"https:\/\/www.egemtv.com\/?p=42265","title":{"rendered":"U\u015fak\u2019ta otomobil takla att\u0131: 5 yaral\u0131"},"content":{"rendered":"<p>U\u015fak\u2019ta takla atarak devrilen otomobildeki 1\u2019i a\u011f\u0131r 5 ki\u015fi yaraland\u0131.<br \/>\n<br \/>Kaza, Gediz-U\u015fak karayolu Derbent k\u00f6y\u00fc yak\u0131nlar\u0131nda meydana geldi. Edinilen bilgilere g\u00f6re, U\u015fak istikametine seyir halinde olan R.K.K. (21) y\u00f6netimindeki 43 AZ 512 plakal\u0131 otomobil, s\u00fcr\u00fcc\u00fcs\u00fcn\u00fcn direksiyon hakimiyetini kaybetmesi sonucu takla atarak devrildi.<br \/>\n<br \/>\u00c7evredeki vatanda\u015flar\u0131n durumu 112 Acil \u00c7a\u011fr\u0131 Merkezi\u2019ne bildirmesi \u00fczerine b\u00f6lgeye 112 Sa\u011fl\u0131k, jandarma ve polis ekipleri sevk edildi. 112 Sa\u011fl\u0131k ekiplerince s\u00fcr\u00fcc\u00fc ve yolcu konumunda bulunan C.N.K. (20), M.K. (19), .F.K. (15) ve E.K.K. (12) \u00e7evredeki hastanelere kald\u0131r\u0131ld\u0131. Kazayla ilgili soru\u015fturma ba\u015flat\u0131l\u0131rken, E.K.K\u2019nin hayati tehlikesi bulundu\u011fu \u00f6\u011frenildi.<br \/>\n<br \/>\u00d6te yandan, kazada otomobil hurdaya d\u00f6nd\u00fc.<br \/><\/p>\n","protected":false},"excerpt":{"rendered":"<p>U\u015fak\u2019ta takla atarak devrilen otomobildeki 1\u2019i a\u011f\u0131r 5 ki\u015fi yaraland\u0131. Kaza, Gediz-U\u015fak karayolu Derbent k\u00f6y\u00fc yak\u0131nlar\u0131nda meydana geldi. Edinilen bilgilere g\u00f6re, U\u015fak istikametine seyir halinde olan R.K.K. (21) y\u00f6netimindeki 43 AZ 512 plakal\u0131 otomobil, s\u00fcr\u00fcc\u00fcs\u00fcn\u00fcn direksiyon hakimiyetini kaybetmesi sonucu takla atarak devrildi. \u00c7evredeki vatanda\u015flar\u0131n durumu 112 Acil \u00c7a\u011fr\u0131 Merkezi\u2019ne bildirmesi \u00fczerine b\u00f6lgeye 112 Sa\u011fl\u0131k, jandarma&#8230;<\/p>\n","protected":false},"author":1,"featured_media":42266,"comment_status":"open","ping_status":"open","sticky":false,"template":"","format":"standard","meta":{"_crdt_document":"","footnotes":""},"categories":[5],"tags":[],"class_list":["post-42265","post","type-post","status-publish","format-standard","has-post-thumbnail","hentry","category-asayis"],"_links":{"self":[{"href":"https:\/\/www.egemtv.com\/index.php?rest_route=\/wp\/v2\/posts\/42265","targetHints":{"allow":["GET"]}}],"collection":[{"href":"https:\/\/www.egemtv.com\/index.php?rest_route=\/wp\/v2\/posts"}],"about":[{"href":"https:\/\/www.egemtv.com\/index.php?rest_route=\/wp\/v2\/types\/post"}],"author":[{"embeddable":true,"href":"https:\/\/www.egemtv.com\/index.php?rest_route=\/wp\/v2\/users\/1"}],"replies":[{"embeddable":true,"href":"https:\/\/www.egemtv.com\/index.php?rest_route=%2Fwp%2Fv2%2Fcomments&post=42265"}],"version-history":[{"count":1,"href":"https:\/\/www.egemtv.com\/index.php?rest_route=\/wp\/v2\/posts\/42265\/revisions"}],"predecessor-version":[{"id":42267,"href":"https:\/\/www.egemtv.com\/index.php?rest_route=\/wp\/v2\/posts\/42265\/revisions\/42267"}],"wp:featuredmedia":[{"embeddable":true,"href":"https:\/\/www.egemtv.com\/index.php?rest_route=\/wp\/v2\/media\/42266"}],"wp:attachment":[{"href":"https:\/\/www.egemtv.com\/index.php?rest_route=%2Fwp%2Fv2%2Fmedia&parent=42265"}],"wp:term":[{"taxonomy":"category","embeddable":true,"href":"https:\/\/www.egemtv.com\/index.php?rest_route=%2Fwp%2Fv2%2Fcategories&post=42265"},{"taxonomy":"post_tag","embeddable":true,"href":"https:\/\/www.egemtv.com\/index.php?rest_route=%2Fwp%2Fv2%2Ftags&post=42265"}],"curies":[{"name":"wp","href":"https:\/\/api.w.org\/{rel}","templated":true}]}}