{"id":42262,"date":"2025-07-15T21:16:16","date_gmt":"2025-07-15T18:16:16","guid":{"rendered":"https:\/\/www.egemtv.com\/?p=42262"},"modified":"2025-07-15T21:16:21","modified_gmt":"2025-07-15T18:16:21","slug":"sicak-havalar-denize-giris-saatlerini-de-degistirdi","status":"publish","type":"post","link":"https:\/\/www.egemtv.com\/?p=42262","title":{"rendered":"S\u0131cak havalar denize giri\u015f saatlerini de de\u011fi\u015ftirdi"},"content":{"rendered":"<p>Mu\u011fla\u2019n\u0131n Marmaris il\u00e7esinde hava s\u0131cakl\u0131klar\u0131n\u0131n y\u00fcksek seyretmesi nedeniyle yerli ve yabanc\u0131 turistler serinlemek i\u00e7in ak\u015fam saatlerinde de denize giriyor.<br \/>\n<br \/>G\u00fcn boyu etkisini s\u00fcrd\u00fcren s\u0131cak havan\u0131n ard\u0131ndan g\u00fcne\u015fin batmas\u0131yla sahillere gelen tatilciler, hem serin suyun hem de daha sakin ortam\u0131n keyfini \u00e7\u0131kar\u0131yor. \u0130stanbul\u2019dan tatile gelen Adem B\u0131\u00e7ak\u00e7\u0131, &#8220;Hem daha sakin hem de deniz suyu \u00e7ok g\u00fczel. G\u00fcnd\u00fcz kalabal\u0131k oluyor, ak\u015famlar\u0131 deniz daha keyifli&#8221; dedi. Turistlerin yo\u011fun olarak tercih etti\u011fi sahil b\u00f6lgelerinde gece saatlerinde de hareketlilik devam ediyor.<br \/><\/p>\n","protected":false},"excerpt":{"rendered":"<p>Mu\u011fla\u2019n\u0131n Marmaris il\u00e7esinde hava s\u0131cakl\u0131klar\u0131n\u0131n y\u00fcksek seyretmesi nedeniyle yerli ve yabanc\u0131 turistler serinlemek i\u00e7in ak\u015fam saatlerinde de denize giriyor. G\u00fcn boyu etkisini s\u00fcrd\u00fcren s\u0131cak havan\u0131n ard\u0131ndan g\u00fcne\u015fin batmas\u0131yla sahillere gelen tatilciler, hem serin suyun hem de daha sakin ortam\u0131n keyfini \u00e7\u0131kar\u0131yor. \u0130stanbul\u2019dan tatile gelen Adem B\u0131\u00e7ak\u00e7\u0131, &#8220;Hem daha sakin hem de deniz suyu \u00e7ok g\u00fczel&#8230;.<\/p>\n","protected":false},"author":1,"featured_media":42263,"comment_status":"open","ping_status":"open","sticky":false,"template":"","format":"standard","meta":{"_crdt_document":"","footnotes":""},"categories":[1],"tags":[],"class_list":["post-42262","post","type-post","status-publish","format-standard","has-post-thumbnail","hentry","category-guncel"],"_links":{"self":[{"href":"https:\/\/www.egemtv.com\/index.php?rest_route=\/wp\/v2\/posts\/42262","targetHints":{"allow":["GET"]}}],"collection":[{"href":"https:\/\/www.egemtv.com\/index.php?rest_route=\/wp\/v2\/posts"}],"about":[{"href":"https:\/\/www.egemtv.com\/index.php?rest_route=\/wp\/v2\/types\/post"}],"author":[{"embeddable":true,"href":"https:\/\/www.egemtv.com\/index.php?rest_route=\/wp\/v2\/users\/1"}],"replies":[{"embeddable":true,"href":"https:\/\/www.egemtv.com\/index.php?rest_route=%2Fwp%2Fv2%2Fcomments&post=42262"}],"version-history":[{"count":1,"href":"https:\/\/www.egemtv.com\/index.php?rest_route=\/wp\/v2\/posts\/42262\/revisions"}],"predecessor-version":[{"id":42264,"href":"https:\/\/www.egemtv.com\/index.php?rest_route=\/wp\/v2\/posts\/42262\/revisions\/42264"}],"wp:featuredmedia":[{"embeddable":true,"href":"https:\/\/www.egemtv.com\/index.php?rest_route=\/wp\/v2\/media\/42263"}],"wp:attachment":[{"href":"https:\/\/www.egemtv.com\/index.php?rest_route=%2Fwp%2Fv2%2Fmedia&parent=42262"}],"wp:term":[{"taxonomy":"category","embeddable":true,"href":"https:\/\/www.egemtv.com\/index.php?rest_route=%2Fwp%2Fv2%2Fcategories&post=42262"},{"taxonomy":"post_tag","embeddable":true,"href":"https:\/\/www.egemtv.com\/index.php?rest_route=%2Fwp%2Fv2%2Ftags&post=42262"}],"curies":[{"name":"wp","href":"https:\/\/api.w.org\/{rel}","templated":true}]}}