{"id":42259,"date":"2025-07-15T20:37:00","date_gmt":"2025-07-15T17:37:00","guid":{"rendered":"https:\/\/www.egemtv.com\/?p=42259"},"modified":"2025-07-15T20:37:04","modified_gmt":"2025-07-15T17:37:04","slug":"saruhanlidaki-orman-yangininda-alevlerin-ilerlemesi-buyuk-olcude-durduruldu","status":"publish","type":"post","link":"https:\/\/www.egemtv.com\/?p=42259","title":{"rendered":"Saruhanl\u0131\u2019daki orman yang\u0131n\u0131nda alevlerin ilerlemesi b\u00fcy\u00fck \u00f6l\u00e7\u00fcde durduruldu"},"content":{"rendered":"<p>Manisa\u2019n\u0131n Saruhanl\u0131 il\u00e7esinde ziraat arazisinde ba\u015flayarak ormanl\u0131k alana s\u0131\u00e7rayan yang\u0131nda ekiplerin havadan ve karadan m\u00fcdahalesi devam ederken, alevlerin ilerlemesi b\u00fcy\u00fck \u00f6l\u00e7\u00fcde durduruldu.<br \/>\n<br \/>Seyitoba Mahallesi\u2019nde 13.20 s\u0131ralar\u0131nda ba\u015flayan ve k\u0131sa s\u00fcrede ormana yay\u0131lan yang\u0131na, \u0130zmir Orman B\u00f6lge M\u00fcd\u00fcrl\u00fc\u011f\u00fc koordinesinde y\u00fcr\u00fct\u00fclen \u00e7al\u0131\u015fmalarda 5 u\u00e7ak, 13 helikopter, 38 araz\u00f6z, 12 su ikmal arac\u0131 ve 6 dozerle m\u00fcdahale s\u00fcr\u00fcyor. B\u00f6lgedeki yo\u011fun r\u00fczgara ra\u011fmen ekiplerin etkin m\u00fcdahalesiyle alevlerin ilerlemesi b\u00fcy\u00fck \u00f6l\u00e7\u00fcde durduruldu. Yetkililer, yang\u0131n\u0131n kontrol alt\u0131na al\u0131nmas\u0131nda sona yakla\u015f\u0131ld\u0131\u011f\u0131n\u0131, so\u011futma \u00e7al\u0131\u015fmalar\u0131 i\u00e7in haz\u0131rl\u0131klar\u0131n s\u00fcrd\u00fc\u011f\u00fcn\u00fc ifade etti. B\u00f6lgedeki g\u00fcvenlik ve sa\u011fl\u0131k tedbirleri de devam ederken, vatanda\u015flar\u0131n yang\u0131n mahalline yakla\u015fmamalar\u0131 y\u00f6n\u00fcnde yap\u0131lan uyar\u0131lar tekrarland\u0131.<br \/>\n<br \/>Yang\u0131n\u0131n tamamen s\u00f6nd\u00fcr\u00fclmesi i\u00e7in \u00e7al\u0131\u015fmalar titizlikle s\u00fcrd\u00fcr\u00fcl\u00fcyor.<br \/><\/p>\n","protected":false},"excerpt":{"rendered":"<p>Manisa\u2019n\u0131n Saruhanl\u0131 il\u00e7esinde ziraat arazisinde ba\u015flayarak ormanl\u0131k alana s\u0131\u00e7rayan yang\u0131nda ekiplerin havadan ve karadan m\u00fcdahalesi devam ederken, alevlerin ilerlemesi b\u00fcy\u00fck \u00f6l\u00e7\u00fcde durduruldu. Seyitoba Mahallesi\u2019nde 13.20 s\u0131ralar\u0131nda ba\u015flayan ve k\u0131sa s\u00fcrede ormana yay\u0131lan yang\u0131na, \u0130zmir Orman B\u00f6lge M\u00fcd\u00fcrl\u00fc\u011f\u00fc koordinesinde y\u00fcr\u00fct\u00fclen \u00e7al\u0131\u015fmalarda 5 u\u00e7ak, 13 helikopter, 38 araz\u00f6z, 12 su ikmal arac\u0131 ve 6 dozerle m\u00fcdahale s\u00fcr\u00fcyor&#8230;.<\/p>\n","protected":false},"author":1,"featured_media":42260,"comment_status":"open","ping_status":"open","sticky":false,"template":"","format":"standard","meta":{"_crdt_document":"","footnotes":""},"categories":[5],"tags":[],"class_list":["post-42259","post","type-post","status-publish","format-standard","has-post-thumbnail","hentry","category-asayis"],"_links":{"self":[{"href":"https:\/\/www.egemtv.com\/index.php?rest_route=\/wp\/v2\/posts\/42259","targetHints":{"allow":["GET"]}}],"collection":[{"href":"https:\/\/www.egemtv.com\/index.php?rest_route=\/wp\/v2\/posts"}],"about":[{"href":"https:\/\/www.egemtv.com\/index.php?rest_route=\/wp\/v2\/types\/post"}],"author":[{"embeddable":true,"href":"https:\/\/www.egemtv.com\/index.php?rest_route=\/wp\/v2\/users\/1"}],"replies":[{"embeddable":true,"href":"https:\/\/www.egemtv.com\/index.php?rest_route=%2Fwp%2Fv2%2Fcomments&post=42259"}],"version-history":[{"count":1,"href":"https:\/\/www.egemtv.com\/index.php?rest_route=\/wp\/v2\/posts\/42259\/revisions"}],"predecessor-version":[{"id":42261,"href":"https:\/\/www.egemtv.com\/index.php?rest_route=\/wp\/v2\/posts\/42259\/revisions\/42261"}],"wp:featuredmedia":[{"embeddable":true,"href":"https:\/\/www.egemtv.com\/index.php?rest_route=\/wp\/v2\/media\/42260"}],"wp:attachment":[{"href":"https:\/\/www.egemtv.com\/index.php?rest_route=%2Fwp%2Fv2%2Fmedia&parent=42259"}],"wp:term":[{"taxonomy":"category","embeddable":true,"href":"https:\/\/www.egemtv.com\/index.php?rest_route=%2Fwp%2Fv2%2Fcategories&post=42259"},{"taxonomy":"post_tag","embeddable":true,"href":"https:\/\/www.egemtv.com\/index.php?rest_route=%2Fwp%2Fv2%2Ftags&post=42259"}],"curies":[{"name":"wp","href":"https:\/\/api.w.org\/{rel}","templated":true}]}}