{"id":42256,"date":"2025-07-15T20:14:47","date_gmt":"2025-07-15T17:14:47","guid":{"rendered":"https:\/\/www.egemtv.com\/?p=42256"},"modified":"2025-07-15T20:14:51","modified_gmt":"2025-07-15T17:14:51","slug":"kirmizi-isik-ihlali-kaza-getirdi-1-yarali","status":"publish","type":"post","link":"https:\/\/www.egemtv.com\/?p=42256","title":{"rendered":"K\u0131rm\u0131z\u0131 \u0131\u015f\u0131k ihlali kaza getirdi: 1 yaral\u0131"},"content":{"rendered":"<p>Ayd\u0131n\u2019\u0131n Efeler il\u00e7esindeki otoban kav\u015fa\u011f\u0131nda iki arac\u0131n \u00e7arp\u0131\u015fmas\u0131 sonucu meydana gelen kazada 1 ki\u015fi yaraland\u0131.<\/p>\n<p>Kaza, Efeler il\u00e7esi Ayd\u0131n-\u0130zmir Karayolu otoban kav\u015fa\u011f\u0131nda meydana geldi. Edinilen bilgiye g\u00f6re 1 TDP 554 Bel\u00e7ika plakal\u0131 ticari ara\u00e7, \u0130zmir istikametinden otobana ba\u011flanmak istedi. Kav\u015faktan d\u00f6n\u00fc\u015f yapmak i\u00e7in manevra yapt\u0131\u011f\u0131 esnada kav\u015fak i\u00e7inde k\u0131rm\u0131z\u0131 \u0131\u015f\u0131\u011f\u0131 farkedemeyen s\u00fcr\u00fcc\u00fc, ihlal yaparak yola \u00e7\u0131kt\u0131 ve o esnada Ayd\u0131n istikametinde seyir halinde olan 09 AGT 094 plakal\u0131 otomobille \u00e7arp\u0131\u015ft\u0131. \u00c7arp\u0131\u015fman\u0131n etksiyle iki ara\u00e7 da yol kenar\u0131na savruldu. Kazada otomobil s\u00fcr\u00fcc\u00fcs\u00fc G.T. yaraland\u0131. Kazay\u0131 g\u00f6renler durumu 112 Acil \u00c7a\u011fr\u0131 Merkezi\u2019ne bildirdi. \u0130hbar \u00fczerine b\u00f6lgeye polis ve sa\u011fl\u0131k ekipleri sevk edildi. K\u0131sa s\u00fcrede olay yerine gelen sa\u011fl\u0131k ekipleri, yaral\u0131 s\u00fcr\u00fcc\u00fcy\u00fc ilk m\u00fcdahalenin ard\u0131ndan ambulansla Ayd\u0131n Devlet Hastanesi\u2019ne kald\u0131rd\u0131. Kaza yerinde g\u00fcvenlik \u00f6nlemi alan trafik polisleri ise ikinci bir kazan\u0131n meydana gelmemesi i\u00e7in yo\u011fun \u00e7aba sarf etti. B\u00fcy\u00fck \u00e7apl\u0131 maddi hasar\u0131n meydana geldi\u011fi 2 ara\u00e7 ise \u00e7ekici marifetiyle kaza yerinden kald\u0131r\u0131l\u0131rken, kaza ile ilgili inceleme ba\u015flat\u0131ld\u0131.<\/p>\n<p>\u00d6te yandan kazay\u0131 g\u00f6ren b\u00f6lgedeki di\u011fer s\u00fcr\u00fcc\u00fcler ise otoban kav\u015fa\u011f\u0131na ak\u0131ll\u0131 kav\u015fak sisteminin getirilmesini talep ederek &#8220;Bu b\u00f6lgede \u00f6zellikle yabanc\u0131 plakal\u0131 ara\u00e7lar veya ba\u015fka \u015fehirden gelen ara\u00e7lar \u00e7ok kaza yap\u0131yor. Ak\u0131ll\u0131 kav\u015fak sistemi var san\u0131yorlar ve \u0131\u015f\u0131\u011fa dikkat etmeden kar\u015f\u0131ya ge\u00e7meye \u00e7al\u0131\u015f\u0131yor. Hemen her g\u00fcn bu b\u00f6lgede benzer kazalar ya\u015fan\u0131yor. Yetkililerden buraya ak\u0131ll\u0131 kav\u015fak yap\u0131lmas\u0131n\u0131 talep ediyoruz&#8221; dedi.<br \/><\/p>\n","protected":false},"excerpt":{"rendered":"<p>Ayd\u0131n\u2019\u0131n Efeler il\u00e7esindeki otoban kav\u015fa\u011f\u0131nda iki arac\u0131n \u00e7arp\u0131\u015fmas\u0131 sonucu meydana gelen kazada 1 ki\u015fi yaraland\u0131. Kaza, Efeler il\u00e7esi Ayd\u0131n-\u0130zmir Karayolu otoban kav\u015fa\u011f\u0131nda meydana geldi. Edinilen bilgiye g\u00f6re 1 TDP 554 Bel\u00e7ika plakal\u0131 ticari ara\u00e7, \u0130zmir istikametinden otobana ba\u011flanmak istedi. Kav\u015faktan d\u00f6n\u00fc\u015f yapmak i\u00e7in manevra yapt\u0131\u011f\u0131 esnada kav\u015fak i\u00e7inde k\u0131rm\u0131z\u0131 \u0131\u015f\u0131\u011f\u0131 farkedemeyen s\u00fcr\u00fcc\u00fc, ihlal yaparak yola&#8230;<\/p>\n","protected":false},"author":1,"featured_media":42257,"comment_status":"open","ping_status":"open","sticky":false,"template":"","format":"standard","meta":{"_crdt_document":"","footnotes":""},"categories":[5],"tags":[],"class_list":["post-42256","post","type-post","status-publish","format-standard","has-post-thumbnail","hentry","category-asayis"],"_links":{"self":[{"href":"https:\/\/www.egemtv.com\/index.php?rest_route=\/wp\/v2\/posts\/42256","targetHints":{"allow":["GET"]}}],"collection":[{"href":"https:\/\/www.egemtv.com\/index.php?rest_route=\/wp\/v2\/posts"}],"about":[{"href":"https:\/\/www.egemtv.com\/index.php?rest_route=\/wp\/v2\/types\/post"}],"author":[{"embeddable":true,"href":"https:\/\/www.egemtv.com\/index.php?rest_route=\/wp\/v2\/users\/1"}],"replies":[{"embeddable":true,"href":"https:\/\/www.egemtv.com\/index.php?rest_route=%2Fwp%2Fv2%2Fcomments&post=42256"}],"version-history":[{"count":1,"href":"https:\/\/www.egemtv.com\/index.php?rest_route=\/wp\/v2\/posts\/42256\/revisions"}],"predecessor-version":[{"id":42258,"href":"https:\/\/www.egemtv.com\/index.php?rest_route=\/wp\/v2\/posts\/42256\/revisions\/42258"}],"wp:featuredmedia":[{"embeddable":true,"href":"https:\/\/www.egemtv.com\/index.php?rest_route=\/wp\/v2\/media\/42257"}],"wp:attachment":[{"href":"https:\/\/www.egemtv.com\/index.php?rest_route=%2Fwp%2Fv2%2Fmedia&parent=42256"}],"wp:term":[{"taxonomy":"category","embeddable":true,"href":"https:\/\/www.egemtv.com\/index.php?rest_route=%2Fwp%2Fv2%2Fcategories&post=42256"},{"taxonomy":"post_tag","embeddable":true,"href":"https:\/\/www.egemtv.com\/index.php?rest_route=%2Fwp%2Fv2%2Ftags&post=42256"}],"curies":[{"name":"wp","href":"https:\/\/api.w.org\/{rel}","templated":true}]}}