{"id":42253,"date":"2025-07-15T20:00:43","date_gmt":"2025-07-15T17:00:43","guid":{"rendered":"https:\/\/www.egemtv.com\/?p=42253"},"modified":"2025-07-15T20:00:48","modified_gmt":"2025-07-15T17:00:48","slug":"balya-makinesinden-cikan-yangin-100-donum-araziyi-kule-cevirdi","status":"publish","type":"post","link":"https:\/\/www.egemtv.com\/?p=42253","title":{"rendered":"Balya makinesinden \u00e7\u0131kan yang\u0131n 100 d\u00f6n\u00fcm araziyi k\u00fcle \u00e7evirdi"},"content":{"rendered":"<p>Isparta\u2019n\u0131n Yalva\u00e7 il\u00e7esine ba\u011fl\u0131 S\u00fcc\u00fcll\u00fc k\u00f6y\u00fcnde balya makinesinden \u00e7\u0131kan k\u0131v\u0131lc\u0131mla ba\u015flayan yang\u0131n, r\u00fczgar\u0131n etkisiyle h\u0131zla yay\u0131larak 100 d\u00f6n\u00fcml\u00fck tar\u0131m arazisini k\u00fcle \u00e7evirdi. Yang\u0131n, k\u00f6yl\u00fclerin trakt\u00f6rlerle yapt\u0131\u011f\u0131 m\u00fcdahaleyle kontrol alt\u0131na al\u0131nd\u0131.<br \/>\n<br \/>Yang\u0131n, saat 13.00 s\u0131ralar\u0131nda Yalva\u00e7 il\u00e7esi S\u00fcc\u00fcll\u00fc k\u00f6y\u00fc Kanl\u0131deresi mevkiinde \u00e7\u0131kt\u0131. Edinilen bilgilere g\u00f6re, hasad\u0131 tamamlanm\u0131\u015f bir tar\u0131m arazisinde saman balyalama makinesinden \u00e7\u0131kan k\u0131v\u0131lc\u0131m yang\u0131na neden oldu. R\u00fczgar\u0131n etkisiyle h\u0131zla yay\u0131lan alevler, \u00e7evredeki hasad\u0131 yap\u0131lmam\u0131\u015f bu\u011fday tarlalar\u0131na da s\u0131\u00e7rad\u0131.<\/p>\n<p>K\u00f6yl\u00fcler trakt\u00f6r ve pulluklarla yang\u0131na set oldu<br \/>\n<br \/>Yang\u0131n\u0131 fark eden vatanda\u015flar durumu itfaiye ekiplerine bildirdi. \u0130hbar\u0131n ard\u0131ndan harekete ge\u00e7en \u0130legi k\u00f6y\u00fcn\u00fcn gen\u00e7 g\u00f6n\u00fcll\u00fclerinden Bahri Sar\u0131p\u0131nar ve k\u00f6y yang\u0131n ekibi, camiden yap\u0131lan anonsla halk\u0131 uyard\u0131. K\u00f6y yang\u0131n s\u00f6nd\u00fcrme tankeri ve trakt\u00f6rlere ba\u011fl\u0131 pulluklarla yang\u0131n b\u00f6lgesine giden ekipler, alevlerin yay\u0131lmas\u0131n\u0131 \u00f6nlemek i\u00e7in tarlan\u0131n \u00e7evresini s\u00fcrerek yang\u0131n\u0131 kontrol alt\u0131na ald\u0131. S\u00f6nd\u00fcrme \u00e7al\u0131\u015fmalar\u0131na S\u00fcc\u00fcll\u00fc k\u00f6y\u00fc sakinleri de destek verdi. Yalva\u00e7 Belediyesi ekipleri taraf\u0131ndan yang\u0131n alan\u0131nda so\u011futma \u00e7al\u0131\u015fmalar\u0131 yap\u0131ld\u0131. Yakla\u015f\u0131k 100 d\u00f6n\u00fcml\u00fck alan\u0131n zarar g\u00f6rd\u00fc\u011f\u00fc yang\u0131nla ilgili jandarma ekipleri inceleme ba\u015flatt\u0131.<\/p>\n<p>&#8220;Yang\u0131n\u0131n etraf\u0131n\u0131 s\u00fcrerek alevlerin yay\u0131lmas\u0131n\u0131 engelledik&#8221;<br \/>\n<br \/>Yang\u0131n s\u00f6nd\u00fcrmeye trakt\u00f6r\u00fcyle gelen bir vatanda\u015f, &#8220;K\u00f6y muhtar\u0131m\u0131z bizi aray\u0131p yang\u0131n \u00e7\u0131kt\u0131\u011f\u0131n\u0131 haber verdi. Biz de k\u00f6y camisinden anons yaparak k\u00f6y\u00fcn alt k\u0131sm\u0131nda yang\u0131n oldu\u011funu duyurduk. K\u00f6y\u00fcm\u00fczde bir su tankerimiz var, onu hemen trakt\u00f6re takt\u0131k. Di\u011fer arkada\u015flar da pulluk tak\u0131l\u0131 trakt\u00f6rleriyle geldiler. Civar k\u00f6ylerden yard\u0131ma gelenler oldu. Yang\u0131n\u0131n etraf\u0131n\u0131 s\u00fcrerek alevlerin yay\u0131lmas\u0131n\u0131 engelledik. Daha sonra itfaiye ekipleri gelip yang\u0131n\u0131 tamamen s\u00f6nd\u00fcrd\u00fc&#8221; dedi.<\/p>\n<p>&#8220;\u0130n\u015fallah zarar \u00e7ok b\u00fcy\u00fck de\u011fildir&#8221;<br \/>\n<br \/>K\u00f6ydeki ba\u015fka bir vatanda\u015f ise, &#8220;Ben o s\u0131rada tarlada ekin bi\u00e7iyordum. Yang\u0131n\u0131 fark edince hemen muhtar\u0131 aray\u0131p durumu bildirdim. Trakt\u00f6r\u00fcmde pulluk zaten tak\u0131l\u0131yd\u0131. Hemen b\u00f6lgeye geldim. Yang\u0131n ekibi olarak yanan alan\u0131n \u00e7evresini s\u00fcrd\u00fck. Civar k\u00f6ylerden gelen arkada\u015flarla birlikte el ele vererek yang\u0131n\u0131 kontrol alt\u0131na ald\u0131k. \u0130n\u015fallah zarar \u00e7ok b\u00fcy\u00fck de\u011fildir&#8221; ifadelerini kulland\u0131.<br \/><\/p>\n","protected":false},"excerpt":{"rendered":"<p>Isparta\u2019n\u0131n Yalva\u00e7 il\u00e7esine ba\u011fl\u0131 S\u00fcc\u00fcll\u00fc k\u00f6y\u00fcnde balya makinesinden \u00e7\u0131kan k\u0131v\u0131lc\u0131mla ba\u015flayan yang\u0131n, r\u00fczgar\u0131n etkisiyle h\u0131zla yay\u0131larak 100 d\u00f6n\u00fcml\u00fck tar\u0131m arazisini k\u00fcle \u00e7evirdi. Yang\u0131n, k\u00f6yl\u00fclerin trakt\u00f6rlerle yapt\u0131\u011f\u0131 m\u00fcdahaleyle kontrol alt\u0131na al\u0131nd\u0131. Yang\u0131n, saat 13.00 s\u0131ralar\u0131nda Yalva\u00e7 il\u00e7esi S\u00fcc\u00fcll\u00fc k\u00f6y\u00fc Kanl\u0131deresi mevkiinde \u00e7\u0131kt\u0131. Edinilen bilgilere g\u00f6re, hasad\u0131 tamamlanm\u0131\u015f bir tar\u0131m arazisinde saman balyalama makinesinden \u00e7\u0131kan k\u0131v\u0131lc\u0131m yang\u0131na&#8230;<\/p>\n","protected":false},"author":1,"featured_media":42254,"comment_status":"open","ping_status":"open","sticky":false,"template":"","format":"standard","meta":{"_crdt_document":"","footnotes":""},"categories":[5],"tags":[],"class_list":["post-42253","post","type-post","status-publish","format-standard","has-post-thumbnail","hentry","category-asayis"],"_links":{"self":[{"href":"https:\/\/www.egemtv.com\/index.php?rest_route=\/wp\/v2\/posts\/42253","targetHints":{"allow":["GET"]}}],"collection":[{"href":"https:\/\/www.egemtv.com\/index.php?rest_route=\/wp\/v2\/posts"}],"about":[{"href":"https:\/\/www.egemtv.com\/index.php?rest_route=\/wp\/v2\/types\/post"}],"author":[{"embeddable":true,"href":"https:\/\/www.egemtv.com\/index.php?rest_route=\/wp\/v2\/users\/1"}],"replies":[{"embeddable":true,"href":"https:\/\/www.egemtv.com\/index.php?rest_route=%2Fwp%2Fv2%2Fcomments&post=42253"}],"version-history":[{"count":1,"href":"https:\/\/www.egemtv.com\/index.php?rest_route=\/wp\/v2\/posts\/42253\/revisions"}],"predecessor-version":[{"id":42255,"href":"https:\/\/www.egemtv.com\/index.php?rest_route=\/wp\/v2\/posts\/42253\/revisions\/42255"}],"wp:featuredmedia":[{"embeddable":true,"href":"https:\/\/www.egemtv.com\/index.php?rest_route=\/wp\/v2\/media\/42254"}],"wp:attachment":[{"href":"https:\/\/www.egemtv.com\/index.php?rest_route=%2Fwp%2Fv2%2Fmedia&parent=42253"}],"wp:term":[{"taxonomy":"category","embeddable":true,"href":"https:\/\/www.egemtv.com\/index.php?rest_route=%2Fwp%2Fv2%2Fcategories&post=42253"},{"taxonomy":"post_tag","embeddable":true,"href":"https:\/\/www.egemtv.com\/index.php?rest_route=%2Fwp%2Fv2%2Ftags&post=42253"}],"curies":[{"name":"wp","href":"https:\/\/api.w.org\/{rel}","templated":true}]}}