{"id":42250,"date":"2025-07-15T18:55:29","date_gmt":"2025-07-15T15:55:29","guid":{"rendered":"https:\/\/www.egemtv.com\/?p=42250"},"modified":"2025-07-15T18:55:33","modified_gmt":"2025-07-15T15:55:33","slug":"ziraat-alaninda-cikan-yangin-ormana-sicradi","status":"publish","type":"post","link":"https:\/\/www.egemtv.com\/?p=42250","title":{"rendered":"Ziraat alan\u0131nda \u00e7\u0131kan yang\u0131n ormana s\u0131\u00e7rad\u0131"},"content":{"rendered":"<p>Manisa\u2019n\u0131n Saruhanl\u0131 il\u00e7esine ba\u011fl\u0131 Seyitoba Mahallesi\u2019nde ziraat arazisinde ba\u015flayarak ormana s\u0131\u00e7rayan yang\u0131na ekiplerin havadan ve karadan m\u00fcdahalesi devam ediyor.<br \/>\n<br \/>Saruhanl\u0131\u2019n\u0131n Seyitoba Mahallesinde ziraat alan\u0131nda 13.20 s\u0131ralar\u0131nda ba\u015flayan ve ormanl\u0131k alana s\u0131\u00e7rayan yang\u0131na ilk m\u00fcdahale saat 13.30\u2019da yap\u0131lmaya ba\u015fland\u0131. \u0130zmir Orman B\u00f6lge M\u00fcd\u00fcrl\u00fc\u011f\u00fc koordinesinde y\u00fcr\u00fct\u00fclen s\u00f6nd\u00fcrme \u00e7al\u0131\u015fmalar\u0131na 5 u\u00e7ak, 13 helikopter, 38 araz\u00f6z, 12 su ikmal arac\u0131, 6 dozer ile havadan ve karadan yo\u011fun \u015fekilde m\u00fcdahale ediliyor.<br \/>\n<br \/>Yang\u0131n\u0131 en k\u0131sa s\u00fcrede kontrol alt\u0131na almak amac\u0131yla \u00e7al\u0131\u015fmalar s\u00fcrerken, b\u00f6lgede etkili olan r\u00fczgar ekiplerin \u00e7al\u0131\u015fmalar\u0131n\u0131 zaman zaman zorla\u015ft\u0131r\u0131yor. Yang\u0131n b\u00f6lgesinde g\u00fcvenlik ve sa\u011fl\u0131k \u00f6nlemleri al\u0131n\u0131rken, yetkililer vatanda\u015flar\u0131n yang\u0131n alan\u0131na yakla\u015fmamalar\u0131 ve dikkatli olmalar\u0131 y\u00f6n\u00fcnde uyar\u0131larda bulundu. Ekiplerin yang\u0131nla m\u00fccadele \u00e7al\u0131\u015fmalar\u0131 aral\u0131ks\u0131z devam ediyor.<br \/><\/p>\n","protected":false},"excerpt":{"rendered":"<p>Manisa\u2019n\u0131n Saruhanl\u0131 il\u00e7esine ba\u011fl\u0131 Seyitoba Mahallesi\u2019nde ziraat arazisinde ba\u015flayarak ormana s\u0131\u00e7rayan yang\u0131na ekiplerin havadan ve karadan m\u00fcdahalesi devam ediyor. Saruhanl\u0131\u2019n\u0131n Seyitoba Mahallesinde ziraat alan\u0131nda 13.20 s\u0131ralar\u0131nda ba\u015flayan ve ormanl\u0131k alana s\u0131\u00e7rayan yang\u0131na ilk m\u00fcdahale saat 13.30\u2019da yap\u0131lmaya ba\u015fland\u0131. \u0130zmir Orman B\u00f6lge M\u00fcd\u00fcrl\u00fc\u011f\u00fc koordinesinde y\u00fcr\u00fct\u00fclen s\u00f6nd\u00fcrme \u00e7al\u0131\u015fmalar\u0131na 5 u\u00e7ak, 13 helikopter, 38 araz\u00f6z, 12 su ikmal&#8230;<\/p>\n","protected":false},"author":1,"featured_media":42251,"comment_status":"open","ping_status":"open","sticky":false,"template":"","format":"standard","meta":{"_crdt_document":"","footnotes":""},"categories":[5],"tags":[],"class_list":["post-42250","post","type-post","status-publish","format-standard","has-post-thumbnail","hentry","category-asayis"],"_links":{"self":[{"href":"https:\/\/www.egemtv.com\/index.php?rest_route=\/wp\/v2\/posts\/42250","targetHints":{"allow":["GET"]}}],"collection":[{"href":"https:\/\/www.egemtv.com\/index.php?rest_route=\/wp\/v2\/posts"}],"about":[{"href":"https:\/\/www.egemtv.com\/index.php?rest_route=\/wp\/v2\/types\/post"}],"author":[{"embeddable":true,"href":"https:\/\/www.egemtv.com\/index.php?rest_route=\/wp\/v2\/users\/1"}],"replies":[{"embeddable":true,"href":"https:\/\/www.egemtv.com\/index.php?rest_route=%2Fwp%2Fv2%2Fcomments&post=42250"}],"version-history":[{"count":1,"href":"https:\/\/www.egemtv.com\/index.php?rest_route=\/wp\/v2\/posts\/42250\/revisions"}],"predecessor-version":[{"id":42252,"href":"https:\/\/www.egemtv.com\/index.php?rest_route=\/wp\/v2\/posts\/42250\/revisions\/42252"}],"wp:featuredmedia":[{"embeddable":true,"href":"https:\/\/www.egemtv.com\/index.php?rest_route=\/wp\/v2\/media\/42251"}],"wp:attachment":[{"href":"https:\/\/www.egemtv.com\/index.php?rest_route=%2Fwp%2Fv2%2Fmedia&parent=42250"}],"wp:term":[{"taxonomy":"category","embeddable":true,"href":"https:\/\/www.egemtv.com\/index.php?rest_route=%2Fwp%2Fv2%2Fcategories&post=42250"},{"taxonomy":"post_tag","embeddable":true,"href":"https:\/\/www.egemtv.com\/index.php?rest_route=%2Fwp%2Fv2%2Ftags&post=42250"}],"curies":[{"name":"wp","href":"https:\/\/api.w.org\/{rel}","templated":true}]}}