{"id":42247,"date":"2025-07-15T18:36:17","date_gmt":"2025-07-15T15:36:17","guid":{"rendered":"https:\/\/www.egemtv.com\/?p=42247"},"modified":"2025-07-15T18:36:20","modified_gmt":"2025-07-15T15:36:20","slug":"cesmeli-gazetecilerden-emniyet-muduru-kenara-ziyaret","status":"publish","type":"post","link":"https:\/\/www.egemtv.com\/?p=42247","title":{"rendered":"\u00c7e\u015fmeli gazetecilerden Emniyet M\u00fcd\u00fcr\u00fc Kenar\u2019a ziyaret"},"content":{"rendered":"<p>\u00c7e\u015fme Yerel Gazeteciler Platformu, 14 Temmuz\u2019da, \u00c7e\u015fme\u2019nin yeni \u0130l\u00e7e Emniyet M\u00fcd\u00fcr\u00fc \u0130smail Kenar\u2019a nezaket ziyaretinde bulundu.<br \/>\n<br \/>Ziyarete Platform Ba\u015fkan\u0131 Gamze Karadede ile birlikte \u00fcyeler Korcan Karar, Yusuf \u00c7\u0131nar, \u0130sa Atag\u00f6z, Selma Artar ve Denizhan \u015ea\u015fmaz kat\u0131ld\u0131. Heyet, M\u00fcd\u00fcr Kenar\u2019a \u00e7i\u00e7ek takdim ederek yeni g\u00f6revinde ba\u015far\u0131lar diledi.<br \/>\n<br \/>2017 y\u0131l\u0131nda g\u00f6rev yapt\u0131\u011f\u0131 \u00c7e\u015fme\u2019den ayr\u0131lan ve bu y\u0131l yeniden il\u00e7eye atanan Emniyet M\u00fcd\u00fcr\u00fc Kenar, \u00c7e\u015fme\u2019yi yak\u0131ndan tan\u0131d\u0131\u011f\u0131n\u0131 vurgulayarak, &#8220;Burada daha \u00f6nce yedi y\u0131l boyunca komiserlikten amirli\u011fe kadar \u00e7e\u015fitli g\u00f6revlerde bulundum. O s\u00fcre\u00e7te \u00c7e\u015fme\u2019yi sokak sokak \u00f6\u011frendim. \u0130l\u00e7enin k\u00fc\u00e7\u00fck ama \u00e7\u00f6z\u00fclmesi gereken sorunlar\u0131 var. Huzurlu bir tatil i\u00e7in ekip olarak her zaman g\u00f6reve haz\u0131r\u0131z&#8221; dedi.<\/p>\n<p>&#8220;\u00c7e\u015fme\u2019de su\u00e7 \u00f6rg\u00fct\u00fc yap\u0131lanmas\u0131 yok&#8221;<br \/>\n<br \/>\u00c7e\u015fme\u2019nin g\u00fcvenlik durumu hakk\u0131nda da de\u011ferlendirmelerde bulunan Kenar, baz\u0131 sosyal medya payla\u015f\u0131mlar\u0131nda iddia edildi\u011fi gibi il\u00e7ede su\u00e7 \u00f6rg\u00fct\u00fc benzeri bir yap\u0131lanman\u0131n olmad\u0131\u011f\u0131n\u0131 vurgulayarak, &#8220;Genel tabloya ve m\u00fcracaatlara bakt\u0131\u011f\u0131n\u0131zda b\u00f6yle bir durum s\u00f6z konusu de\u011fil. Son y\u0131llarda \u015fikayet say\u0131s\u0131nda ciddi bir d\u00fc\u015f\u00fc\u015f ya\u015fand\u0131. Yine de ekiplerimiz devriye faaliyetlerini aral\u0131ks\u0131z s\u00fcrd\u00fcr\u00fcyor&#8221; ifadelerini kulland\u0131.<\/p>\n<p>&#8220;\u00c7e\u015fme T\u00fcrkiye\u2019nin g\u00f6zbebe\u011fi&#8221;<br \/>\n<br \/>\u0130l\u00e7eye gelen vatanda\u015flar\u0131n huzurlu bir tatil ge\u00e7irmeleri i\u00e7in t\u00fcm ekiplerin g\u00f6rev ba\u015f\u0131nda oldu\u011funu belirten Kenar, &#8220;\u00c7e\u015fme T\u00fcrkiye\u2019nin g\u00f6zbebe\u011fi. Bizi bu g\u00f6reve lay\u0131k g\u00f6renlere te\u015fekk\u00fcr ediyorum. \u015eimdi \u00fczerine koyarak, daha iyisini yapmak i\u00e7in \u00e7al\u0131\u015faca\u011f\u0131z&#8221; \u015feklinde konu\u015ftu.<\/p>\n<p>Bas\u0131ndan i\u015f birli\u011fi mesaj\u0131<br \/>\n<br \/>Ziyaretin sonunda Platform Ba\u015fkan\u0131 Gamze Karadede, yerel bas\u0131n\u0131n kamuoyunu do\u011fru bilgilendirme g\u00f6revini her \u015fartta s\u00fcrd\u00fcrece\u011fini ifade ederek, \u00c7e\u015fme \u0130l\u00e7e Emniyet M\u00fcd\u00fcrl\u00fc\u011f\u00fc ile i\u015f birli\u011fi i\u00e7erisinde \u00e7al\u0131\u015fman\u0131n \u00f6nemine dikkat \u00e7ekti ve M\u00fcd\u00fcr Kenar\u2019a g\u00f6revinde ba\u015far\u0131lar diledi.<br \/><\/p>\n","protected":false},"excerpt":{"rendered":"<p>\u00c7e\u015fme Yerel Gazeteciler Platformu, 14 Temmuz\u2019da, \u00c7e\u015fme\u2019nin yeni \u0130l\u00e7e Emniyet M\u00fcd\u00fcr\u00fc \u0130smail Kenar\u2019a nezaket ziyaretinde bulundu. Ziyarete Platform Ba\u015fkan\u0131 Gamze Karadede ile birlikte \u00fcyeler Korcan Karar, Yusuf \u00c7\u0131nar, \u0130sa Atag\u00f6z, Selma Artar ve Denizhan \u015ea\u015fmaz kat\u0131ld\u0131. Heyet, M\u00fcd\u00fcr Kenar\u2019a \u00e7i\u00e7ek takdim ederek yeni g\u00f6revinde ba\u015far\u0131lar diledi. 2017 y\u0131l\u0131nda g\u00f6rev yapt\u0131\u011f\u0131 \u00c7e\u015fme\u2019den ayr\u0131lan ve bu y\u0131l&#8230;<\/p>\n","protected":false},"author":1,"featured_media":42248,"comment_status":"open","ping_status":"open","sticky":false,"template":"","format":"standard","meta":{"_crdt_document":"","footnotes":""},"categories":[1],"tags":[],"class_list":["post-42247","post","type-post","status-publish","format-standard","has-post-thumbnail","hentry","category-guncel"],"_links":{"self":[{"href":"https:\/\/www.egemtv.com\/index.php?rest_route=\/wp\/v2\/posts\/42247","targetHints":{"allow":["GET"]}}],"collection":[{"href":"https:\/\/www.egemtv.com\/index.php?rest_route=\/wp\/v2\/posts"}],"about":[{"href":"https:\/\/www.egemtv.com\/index.php?rest_route=\/wp\/v2\/types\/post"}],"author":[{"embeddable":true,"href":"https:\/\/www.egemtv.com\/index.php?rest_route=\/wp\/v2\/users\/1"}],"replies":[{"embeddable":true,"href":"https:\/\/www.egemtv.com\/index.php?rest_route=%2Fwp%2Fv2%2Fcomments&post=42247"}],"version-history":[{"count":1,"href":"https:\/\/www.egemtv.com\/index.php?rest_route=\/wp\/v2\/posts\/42247\/revisions"}],"predecessor-version":[{"id":42249,"href":"https:\/\/www.egemtv.com\/index.php?rest_route=\/wp\/v2\/posts\/42247\/revisions\/42249"}],"wp:featuredmedia":[{"embeddable":true,"href":"https:\/\/www.egemtv.com\/index.php?rest_route=\/wp\/v2\/media\/42248"}],"wp:attachment":[{"href":"https:\/\/www.egemtv.com\/index.php?rest_route=%2Fwp%2Fv2%2Fmedia&parent=42247"}],"wp:term":[{"taxonomy":"category","embeddable":true,"href":"https:\/\/www.egemtv.com\/index.php?rest_route=%2Fwp%2Fv2%2Fcategories&post=42247"},{"taxonomy":"post_tag","embeddable":true,"href":"https:\/\/www.egemtv.com\/index.php?rest_route=%2Fwp%2Fv2%2Ftags&post=42247"}],"curies":[{"name":"wp","href":"https:\/\/api.w.org\/{rel}","templated":true}]}}