{"id":42244,"date":"2025-07-15T18:36:11","date_gmt":"2025-07-15T15:36:11","guid":{"rendered":"https:\/\/www.egemtv.com\/?p=42244"},"modified":"2025-07-15T18:36:17","modified_gmt":"2025-07-15T15:36:17","slug":"aliagada-30-eylule-kadar-ates-yakmak-yasak","status":"publish","type":"post","link":"https:\/\/www.egemtv.com\/?p=42244","title":{"rendered":"Alia\u011fa\u2019da 30 Eyl\u00fcl\u2019e kadar ate\u015f yakmak yasak"},"content":{"rendered":"<p>Alia\u011fa Kaymakaml\u0131\u011f\u0131, yaz mevsimiyle birlikte artan yang\u0131n tehlikesine kar\u015f\u0131 il\u00e7e genelinde yeni yasaklar getirdi. 30 Eyl\u00fcl 2025\u2019e kadar ge\u00e7erli olacak genel emire g\u00f6re, mesire alanlar\u0131 d\u0131\u015f\u0131nda ate\u015f yakmak, cam ve plastik \u015fi\u015fe atmak, sigara izmariti b\u0131rakmak kesin olarak yasakland\u0131. Kurallara uymayanlara idari ve adli i\u015flem uygulanacak.<br \/>\n<br \/>Alia\u011fa Kaymakaml\u0131\u011f\u0131 taraf\u0131ndan 14 Temmuz 2025 tarihinde yay\u0131mlanan yaz\u0131l\u0131 a\u00e7\u0131klamada, 5422 say\u0131l\u0131 \u0130l \u0130daresi Kanunu\u2019nun 32\/\u00c7 maddesi gere\u011fince &#8220;Yang\u0131nlara Kar\u015f\u0131 \u00d6nleyici Tedbirler&#8221; ba\u015fl\u0131kl\u0131 Genel Emir kamuoyuna duyuruldu. A\u00e7\u0131klamada, \u0130zmir \u0130li 2025 Y\u0131l\u0131 Orman Yang\u0131nlar\u0131yla M\u00fccadele Komisyon Kararlar\u0131 do\u011frultusunda, orman ve di\u011fer k\u0131rsal yang\u0131nlar\u0131n \u00f6nlenmesine y\u00f6nelik kapsaml\u0131 yasaklar\u0131n 30 Eyl\u00fcl 2025 tarihine kadar uygulanaca\u011f\u0131 belirtildi.<br \/>\n<br \/>Alia\u011fa Kaymakaml\u0131\u011f\u0131\u2019n\u0131n 14.07.2025 tarihli &#8220;Yang\u0131nlara Kar\u015f\u0131 \u00d6nleyici Tedbirler&#8221; ba\u015fl\u0131kl\u0131 Genel Emir\u2019e g\u00f6re 30 Eyl\u00fcl 2025 tarihine kadar Alia\u011fa il\u00e7e s\u0131n\u0131rlar\u0131 i\u00e7erisinde kamu idareleri taraf\u0131ndan belirlenmi\u015f mesire ve piknik alanlar\u0131 d\u0131\u015f\u0131nda; mangal, semaver ve benzeri malzemelerle ate\u015f yak\u0131lmas\u0131, her t\u00fcrl\u00fc \u00e7\u00f6p, an\u0131z, ot, dal, \u00e7al\u0131 ve benzeri bitki \u00f6rt\u00fcs\u00fc art\u0131\u011f\u0131n\u0131n yak\u0131lmas\u0131, cam \u015fi\u015fe, plastik \u015fi\u015fe, yan\u0131c\u0131 madde at\u0131klar\u0131n\u0131n geli\u015fig\u00fczel at\u0131lmas\u0131 veya k\u0131r\u0131lmas\u0131, sigara izmaritlerinin \u00e7evreye at\u0131lmas\u0131 yasakland\u0131.<\/p>\n<p>Kurallara uymayana ceza<br \/>\n<br \/>Alia\u011fa Kaymakaml\u0131\u011f\u0131, bu yasaklara uymayan vatanda\u015flara y\u00f6nelik olarak 5326 say\u0131l\u0131 Kabahatler Kanunu ve di\u011fer ilgili mevzuat \u00e7er\u00e7evesinde idari para cezas\u0131 ve\/veya adli i\u015flem uygulanaca\u011f\u0131n\u0131 vurgulad\u0131. Denetim ve kontrol g\u00f6revlerinin; \u0130l\u00e7e Jandarma Komutanl\u0131\u011f\u0131, \u0130l\u00e7e Emniyet M\u00fcd\u00fcrl\u00fc\u011f\u00fc,Orman \u0130\u015fletme \u015eefli\u011fi,Zab\u0131ta M\u00fcd\u00fcrl\u00fc\u011f\u00fc ba\u015fta olmak \u00fczere t\u00fcm kamu kurumlar\u0131 taraf\u0131ndan y\u00fcr\u00fct\u00fclece\u011fi belirtildi.<\/p>\n<p>Vatanda\u015flara duyarl\u0131l\u0131k \u00e7a\u011fr\u0131s\u0131<br \/>\n<br \/>Yap\u0131lan a\u00e7\u0131klamada, yang\u0131n riski ta\u015f\u0131yan bu kritik d\u00f6nemde do\u011fal ya\u015fam alanlar\u0131n\u0131n korunmas\u0131 ve kamu d\u00fczeninin sa\u011flanmas\u0131 ad\u0131na t\u00fcm vatanda\u015flar\u0131n gereken duyarl\u0131l\u0131\u011f\u0131 ve sorumlulu\u011fu g\u00f6stermesi gerekti\u011finin alt\u0131 \u00e7izildi.<br \/><\/p>\n","protected":false},"excerpt":{"rendered":"<p>Alia\u011fa Kaymakaml\u0131\u011f\u0131, yaz mevsimiyle birlikte artan yang\u0131n tehlikesine kar\u015f\u0131 il\u00e7e genelinde yeni yasaklar getirdi. 30 Eyl\u00fcl 2025\u2019e kadar ge\u00e7erli olacak genel emire g\u00f6re, mesire alanlar\u0131 d\u0131\u015f\u0131nda ate\u015f yakmak, cam ve plastik \u015fi\u015fe atmak, sigara izmariti b\u0131rakmak kesin olarak yasakland\u0131. Kurallara uymayanlara idari ve adli i\u015flem uygulanacak. Alia\u011fa Kaymakaml\u0131\u011f\u0131 taraf\u0131ndan 14 Temmuz 2025 tarihinde yay\u0131mlanan yaz\u0131l\u0131&#8230;<\/p>\n","protected":false},"author":1,"featured_media":42245,"comment_status":"open","ping_status":"open","sticky":false,"template":"","format":"standard","meta":{"_crdt_document":"","footnotes":""},"categories":[5],"tags":[],"class_list":["post-42244","post","type-post","status-publish","format-standard","has-post-thumbnail","hentry","category-asayis"],"_links":{"self":[{"href":"https:\/\/www.egemtv.com\/index.php?rest_route=\/wp\/v2\/posts\/42244","targetHints":{"allow":["GET"]}}],"collection":[{"href":"https:\/\/www.egemtv.com\/index.php?rest_route=\/wp\/v2\/posts"}],"about":[{"href":"https:\/\/www.egemtv.com\/index.php?rest_route=\/wp\/v2\/types\/post"}],"author":[{"embeddable":true,"href":"https:\/\/www.egemtv.com\/index.php?rest_route=\/wp\/v2\/users\/1"}],"replies":[{"embeddable":true,"href":"https:\/\/www.egemtv.com\/index.php?rest_route=%2Fwp%2Fv2%2Fcomments&post=42244"}],"version-history":[{"count":1,"href":"https:\/\/www.egemtv.com\/index.php?rest_route=\/wp\/v2\/posts\/42244\/revisions"}],"predecessor-version":[{"id":42246,"href":"https:\/\/www.egemtv.com\/index.php?rest_route=\/wp\/v2\/posts\/42244\/revisions\/42246"}],"wp:featuredmedia":[{"embeddable":true,"href":"https:\/\/www.egemtv.com\/index.php?rest_route=\/wp\/v2\/media\/42245"}],"wp:attachment":[{"href":"https:\/\/www.egemtv.com\/index.php?rest_route=%2Fwp%2Fv2%2Fmedia&parent=42244"}],"wp:term":[{"taxonomy":"category","embeddable":true,"href":"https:\/\/www.egemtv.com\/index.php?rest_route=%2Fwp%2Fv2%2Fcategories&post=42244"},{"taxonomy":"post_tag","embeddable":true,"href":"https:\/\/www.egemtv.com\/index.php?rest_route=%2Fwp%2Fv2%2Ftags&post=42244"}],"curies":[{"name":"wp","href":"https:\/\/api.w.org\/{rel}","templated":true}]}}