{"id":42238,"date":"2025-07-15T18:35:57","date_gmt":"2025-07-15T15:35:57","guid":{"rendered":"https:\/\/www.egemtv.com\/?p=42238"},"modified":"2025-07-15T18:36:04","modified_gmt":"2025-07-15T15:36:04","slug":"afyonkarahisarda-14-tahnit-hayvan-ve-2-kafes-ele-gecirildi","status":"publish","type":"post","link":"https:\/\/www.egemtv.com\/?p=42238","title":{"rendered":"Afyonkarahisar\u2019da 14 tahnit hayvan ve 2 kafes ele ge\u00e7irildi"},"content":{"rendered":"<p>Afyonkarahisar\u2019da bir ikamette yap\u0131lan aramada 14 adet tahnit edilmi\u015f hayvan ve 2 kafes ele ge\u00e7irildi.<br \/>\n<br \/>Afyonkarahisar\u2019da Do\u011fa Koruma ve Milli Parklar 5. B\u00f6lge M\u00fcd\u00fcrl\u00fc\u011f\u00fc ekipleri, C\u0130MER \u00fczerinden gelen bir \u015fikayet \u00fczerine harekete ge\u00e7ti. \u015eikayet do\u011frultusunda Afyonkarahisar Cumhuriyet Ba\u015fsavc\u0131l\u0131\u011f\u0131\u2019ndan arama ve el koyma talebinde bulunuldu. Afyonkarahisar 2. Sulh Ceza Hakimli\u011fi\u2019nin verdi\u011fi karar do\u011frultusunda, 11 Temmuz 2025 tarihinde ilgili adreste arama ger\u00e7ekle\u015ftirildi. Yap\u0131lan aramada 14 adet tahnit edilmi\u015f (mumyalanm\u0131\u015f) hayvan ile 2 adet kafes bulundu. Ekipler, bulunan hayvan tahnitleri ve kafeslere m\u00fclkiyeti kamuya ge\u00e7irilmek \u00fczere el koydu. \u015e\u00fcpheli \u015fah\u0131s hakk\u0131nda ise 4915 say\u0131l\u0131 Kara Avc\u0131l\u0131\u011f\u0131 Kanunu kapsam\u0131nda bulundurma su\u00e7u nedeniyle idari para cezas\u0131 uyguland\u0131. Olayla ilgili soru\u015fturman\u0131n s\u00fcrd\u00fc\u011f\u00fc \u00f6\u011frenildi.<br \/><\/p>\n","protected":false},"excerpt":{"rendered":"<p>Afyonkarahisar\u2019da bir ikamette yap\u0131lan aramada 14 adet tahnit edilmi\u015f hayvan ve 2 kafes ele ge\u00e7irildi. Afyonkarahisar\u2019da Do\u011fa Koruma ve Milli Parklar 5. B\u00f6lge M\u00fcd\u00fcrl\u00fc\u011f\u00fc ekipleri, C\u0130MER \u00fczerinden gelen bir \u015fikayet \u00fczerine harekete ge\u00e7ti. \u015eikayet do\u011frultusunda Afyonkarahisar Cumhuriyet Ba\u015fsavc\u0131l\u0131\u011f\u0131\u2019ndan arama ve el koyma talebinde bulunuldu. Afyonkarahisar 2. Sulh Ceza Hakimli\u011fi\u2019nin verdi\u011fi karar do\u011frultusunda, 11 Temmuz 2025&#8230;<\/p>\n","protected":false},"author":1,"featured_media":42239,"comment_status":"open","ping_status":"open","sticky":false,"template":"","format":"standard","meta":{"_crdt_document":"","footnotes":""},"categories":[5],"tags":[],"class_list":["post-42238","post","type-post","status-publish","format-standard","has-post-thumbnail","hentry","category-asayis"],"_links":{"self":[{"href":"https:\/\/www.egemtv.com\/index.php?rest_route=\/wp\/v2\/posts\/42238","targetHints":{"allow":["GET"]}}],"collection":[{"href":"https:\/\/www.egemtv.com\/index.php?rest_route=\/wp\/v2\/posts"}],"about":[{"href":"https:\/\/www.egemtv.com\/index.php?rest_route=\/wp\/v2\/types\/post"}],"author":[{"embeddable":true,"href":"https:\/\/www.egemtv.com\/index.php?rest_route=\/wp\/v2\/users\/1"}],"replies":[{"embeddable":true,"href":"https:\/\/www.egemtv.com\/index.php?rest_route=%2Fwp%2Fv2%2Fcomments&post=42238"}],"version-history":[{"count":1,"href":"https:\/\/www.egemtv.com\/index.php?rest_route=\/wp\/v2\/posts\/42238\/revisions"}],"predecessor-version":[{"id":42240,"href":"https:\/\/www.egemtv.com\/index.php?rest_route=\/wp\/v2\/posts\/42238\/revisions\/42240"}],"wp:featuredmedia":[{"embeddable":true,"href":"https:\/\/www.egemtv.com\/index.php?rest_route=\/wp\/v2\/media\/42239"}],"wp:attachment":[{"href":"https:\/\/www.egemtv.com\/index.php?rest_route=%2Fwp%2Fv2%2Fmedia&parent=42238"}],"wp:term":[{"taxonomy":"category","embeddable":true,"href":"https:\/\/www.egemtv.com\/index.php?rest_route=%2Fwp%2Fv2%2Fcategories&post=42238"},{"taxonomy":"post_tag","embeddable":true,"href":"https:\/\/www.egemtv.com\/index.php?rest_route=%2Fwp%2Fv2%2Ftags&post=42238"}],"curies":[{"name":"wp","href":"https:\/\/api.w.org\/{rel}","templated":true}]}}