{"id":42235,"date":"2025-07-15T17:36:04","date_gmt":"2025-07-15T14:36:04","guid":{"rendered":"https:\/\/www.egemtv.com\/?p=42235"},"modified":"2025-07-15T17:36:10","modified_gmt":"2025-07-15T14:36:10","slug":"tugva-izmirden-15-temmuz-sehitleri-anisina-futbol-turnuvasi","status":"publish","type":"post","link":"https:\/\/www.egemtv.com\/?p=42235","title":{"rendered":"T\u00dcGVA \u0130zmir\u2019den 15 Temmuz \u015fehitleri an\u0131s\u0131na futbol turnuvas\u0131"},"content":{"rendered":"<p>T\u00dcGVA \u0130zmir, 15 Temmuz Demokrasi ve Mill\u0130 Birlik G\u00fcn\u00fc\u2019nde d\u00fczenledi\u011fi futbol turnuvas\u0131yla \u015fehitleri and\u0131. Etkinlik gen\u00e7lerden yo\u011fun ilgi g\u00f6rd\u00fc.<br \/>\n<br \/>T\u00fcrkiye Gen\u00e7lik Vakf\u0131 (T\u00dcGVA) \u0130zmir \u0130l Temsilcili\u011fi, 15 Temmuz Demokrasi ve Mill\u0130 Birlik G\u00fcn\u00fc kapsam\u0131nda anlaml\u0131 bir etkinli\u011fe imza att\u0131. \u0130zmir Atat\u00fcrk Stadyumu Spor Kompleksi\u2019nde ger\u00e7ekle\u015ftirilen futbol turnuvas\u0131, 15 Temmuz \u015fehitlerinin aziz hat\u0131ras\u0131na ithaf edildi. Turnuvada 8 farkl\u0131 tak\u0131m k\u0131yas\u0131ya m\u00fccadele ederken, gen\u00e7lerin organizasyona yo\u011fun ilgi g\u00f6sterdi\u011fi g\u00f6r\u00fcld\u00fc. Etkinlik boyunca centilmenlik ve karde\u015flik vurgusu \u00f6n plandayd\u0131. Turnuva sonunda d\u00fczenlenen \u00f6d\u00fcl t\u00f6reninde, kat\u0131l\u0131m sa\u011flayan t\u00fcm tak\u0131mlara madalyalar\u0131 takdim edildi. Etkinli\u011fin kapan\u0131\u015f konu\u015fmas\u0131nda gen\u00e7lere seslenen T\u00dcGVA \u0130zmir \u0130l Temsilcisi Yi\u011fit Aslanata, &#8220;Sizler her zaman bayra\u011f\u0131n\u0131z\u0131 seven, vatan\u0131n\u0131z\u0131 seven, devletinizi seven ve milletinize hizmetkar olacak gen\u00e7lersiniz. Bug\u00fcn ak\u0131tt\u0131\u011f\u0131n\u0131z her ter, att\u0131\u011f\u0131n\u0131z her gol \u015fehitlerimiz i\u00e7indi. Sizler var olduk\u00e7a, bu de\u011ferlere sahip \u00e7\u0131kt\u0131\u011f\u0131n\u0131z s\u00fcrece Allah\u2019\u0131n izniyle devletimize, milletimize ve bayra\u011f\u0131m\u0131za hi\u00e7bir zaman zeval gelmeyecektir&#8221; dedi.<br \/><\/p>\n","protected":false},"excerpt":{"rendered":"<p>T\u00dcGVA \u0130zmir, 15 Temmuz Demokrasi ve Mill\u0130 Birlik G\u00fcn\u00fc\u2019nde d\u00fczenledi\u011fi futbol turnuvas\u0131yla \u015fehitleri and\u0131. Etkinlik gen\u00e7lerden yo\u011fun ilgi g\u00f6rd\u00fc. T\u00fcrkiye Gen\u00e7lik Vakf\u0131 (T\u00dcGVA) \u0130zmir \u0130l Temsilcili\u011fi, 15 Temmuz Demokrasi ve Mill\u0130 Birlik G\u00fcn\u00fc kapsam\u0131nda anlaml\u0131 bir etkinli\u011fe imza att\u0131. \u0130zmir Atat\u00fcrk Stadyumu Spor Kompleksi\u2019nde ger\u00e7ekle\u015ftirilen futbol turnuvas\u0131, 15 Temmuz \u015fehitlerinin aziz hat\u0131ras\u0131na ithaf edildi. Turnuvada&#8230;<\/p>\n","protected":false},"author":1,"featured_media":42236,"comment_status":"open","ping_status":"open","sticky":false,"template":"","format":"standard","meta":{"_crdt_document":"","footnotes":""},"categories":[1],"tags":[],"class_list":["post-42235","post","type-post","status-publish","format-standard","has-post-thumbnail","hentry","category-guncel"],"_links":{"self":[{"href":"https:\/\/www.egemtv.com\/index.php?rest_route=\/wp\/v2\/posts\/42235","targetHints":{"allow":["GET"]}}],"collection":[{"href":"https:\/\/www.egemtv.com\/index.php?rest_route=\/wp\/v2\/posts"}],"about":[{"href":"https:\/\/www.egemtv.com\/index.php?rest_route=\/wp\/v2\/types\/post"}],"author":[{"embeddable":true,"href":"https:\/\/www.egemtv.com\/index.php?rest_route=\/wp\/v2\/users\/1"}],"replies":[{"embeddable":true,"href":"https:\/\/www.egemtv.com\/index.php?rest_route=%2Fwp%2Fv2%2Fcomments&post=42235"}],"version-history":[{"count":1,"href":"https:\/\/www.egemtv.com\/index.php?rest_route=\/wp\/v2\/posts\/42235\/revisions"}],"predecessor-version":[{"id":42237,"href":"https:\/\/www.egemtv.com\/index.php?rest_route=\/wp\/v2\/posts\/42235\/revisions\/42237"}],"wp:featuredmedia":[{"embeddable":true,"href":"https:\/\/www.egemtv.com\/index.php?rest_route=\/wp\/v2\/media\/42236"}],"wp:attachment":[{"href":"https:\/\/www.egemtv.com\/index.php?rest_route=%2Fwp%2Fv2%2Fmedia&parent=42235"}],"wp:term":[{"taxonomy":"category","embeddable":true,"href":"https:\/\/www.egemtv.com\/index.php?rest_route=%2Fwp%2Fv2%2Fcategories&post=42235"},{"taxonomy":"post_tag","embeddable":true,"href":"https:\/\/www.egemtv.com\/index.php?rest_route=%2Fwp%2Fv2%2Ftags&post=42235"}],"curies":[{"name":"wp","href":"https:\/\/api.w.org\/{rel}","templated":true}]}}