{"id":42232,"date":"2025-07-15T17:35:58","date_gmt":"2025-07-15T14:35:58","guid":{"rendered":"https:\/\/www.egemtv.com\/?p=42232"},"modified":"2025-07-15T17:36:04","modified_gmt":"2025-07-15T14:36:04","slug":"15-temmuz-sehidi-cumhurbaskani-korumasi-mehmet-cetin-mezari-basinda-anildi","status":"publish","type":"post","link":"https:\/\/www.egemtv.com\/?p=42232","title":{"rendered":"15 Temmuz \u015fehidi, Cumhurba\u015fkan\u0131 korumas\u0131 Mehmet \u00c7etin mezar\u0131 ba\u015f\u0131nda an\u0131ld\u0131"},"content":{"rendered":"<p>15 Temmuz 2016 gecesi Fetullah\u00e7\u0131 Ter\u00f6r \u00d6rg\u00fct\u00fc mensuplar\u0131nca ger\u00e7ekle\u015ftirilmek istenen hain darbe te\u015febb\u00fcs\u00fcnde \u015fehit d\u00fc\u015fen Cumhurba\u015fkan\u0131 Recep Tayyip Erdo\u011fan\u2019\u0131n korumas\u0131 Mehmet \u00c7etin, darbe giri\u015fiminin 9.y\u0131l d\u00f6n\u00fcm\u00fcnde mezar\u0131 ba\u015f\u0131nda an\u0131ld\u0131.<br \/>\n<br \/>15 Temmuz 2016 gecesi FET\u00d6 mensuplar\u0131nca ger\u00e7ekle\u015ftirilmek istenen darbe giri\u015fiminin 9.y\u0131l d\u00f6n\u00fcm\u00fcnde \u00e7e\u015fitli programlar d\u00fczenlendi. Programa Vali Naci Akta\u015f, AK Parti U\u015fak Milletvekilleri \u0130smail G\u00fcne\u015f ve Fahrettin Tu\u011frul, Belediye Ba\u015fkan Yard\u0131mc\u0131s\u0131 \u00c7a\u011flar Samanc\u0131, U\u015fak \u00dcniversitesi Rekt\u00f6r\u00fc Ekrem Sava\u015f, \u0130l Emniyet M\u00fcd\u00fcr\u00fc Mehmet Ali Kolcu, \u0130l Jandarma Komutan\u0131 K\u0131demli Albay Fahri Semiz, \u015eehit Polis Mehmet \u00c7etin\u2019in babas\u0131 ve protokol \u00fcyeleri kat\u0131ld\u0131.<br \/>\n<br \/>D\u00fczenlenen programda ilk olarak \u015fehitlik ziyaret edilerek, \u015fehitlere mezarlar\u0131 ba\u015f\u0131nda dualar edildi. \u015eehitlikte edilen dualar\u0131n ard\u0131ndan Vali Akta\u015f ve beraberindeki heyet Yoncal\u0131 K\u00f6y\u00fcne gidilerek 15 Temmuz gecesi Cumhurba\u015fkan\u0131 Erdo\u011fan\u2019\u0131n Marmaris\u2019te kald\u0131\u011f\u0131 otelde ter\u00f6r \u00f6rg\u00fct\u00fc \u00fcyelerince \u015fehit d\u00fc\u015fen Mehmet \u00c7etin, mezar\u0131 ba\u015f\u0131nda an\u0131ld\u0131 ve dualar etti.<br \/><\/p>\n","protected":false},"excerpt":{"rendered":"<p>15 Temmuz 2016 gecesi Fetullah\u00e7\u0131 Ter\u00f6r \u00d6rg\u00fct\u00fc mensuplar\u0131nca ger\u00e7ekle\u015ftirilmek istenen hain darbe te\u015febb\u00fcs\u00fcnde \u015fehit d\u00fc\u015fen Cumhurba\u015fkan\u0131 Recep Tayyip Erdo\u011fan\u2019\u0131n korumas\u0131 Mehmet \u00c7etin, darbe giri\u015fiminin 9.y\u0131l d\u00f6n\u00fcm\u00fcnde mezar\u0131 ba\u015f\u0131nda an\u0131ld\u0131. 15 Temmuz 2016 gecesi FET\u00d6 mensuplar\u0131nca ger\u00e7ekle\u015ftirilmek istenen darbe giri\u015fiminin 9.y\u0131l d\u00f6n\u00fcm\u00fcnde \u00e7e\u015fitli programlar d\u00fczenlendi. Programa Vali Naci Akta\u015f, AK Parti U\u015fak Milletvekilleri \u0130smail G\u00fcne\u015f ve&#8230;<\/p>\n","protected":false},"author":1,"featured_media":42233,"comment_status":"open","ping_status":"open","sticky":false,"template":"","format":"standard","meta":{"_crdt_document":"","footnotes":""},"categories":[123],"tags":[],"class_list":["post-42232","post","type-post","status-publish","format-standard","has-post-thumbnail","hentry","category-gundem"],"_links":{"self":[{"href":"https:\/\/www.egemtv.com\/index.php?rest_route=\/wp\/v2\/posts\/42232","targetHints":{"allow":["GET"]}}],"collection":[{"href":"https:\/\/www.egemtv.com\/index.php?rest_route=\/wp\/v2\/posts"}],"about":[{"href":"https:\/\/www.egemtv.com\/index.php?rest_route=\/wp\/v2\/types\/post"}],"author":[{"embeddable":true,"href":"https:\/\/www.egemtv.com\/index.php?rest_route=\/wp\/v2\/users\/1"}],"replies":[{"embeddable":true,"href":"https:\/\/www.egemtv.com\/index.php?rest_route=%2Fwp%2Fv2%2Fcomments&post=42232"}],"version-history":[{"count":1,"href":"https:\/\/www.egemtv.com\/index.php?rest_route=\/wp\/v2\/posts\/42232\/revisions"}],"predecessor-version":[{"id":42234,"href":"https:\/\/www.egemtv.com\/index.php?rest_route=\/wp\/v2\/posts\/42232\/revisions\/42234"}],"wp:featuredmedia":[{"embeddable":true,"href":"https:\/\/www.egemtv.com\/index.php?rest_route=\/wp\/v2\/media\/42233"}],"wp:attachment":[{"href":"https:\/\/www.egemtv.com\/index.php?rest_route=%2Fwp%2Fv2%2Fmedia&parent=42232"}],"wp:term":[{"taxonomy":"category","embeddable":true,"href":"https:\/\/www.egemtv.com\/index.php?rest_route=%2Fwp%2Fv2%2Fcategories&post=42232"},{"taxonomy":"post_tag","embeddable":true,"href":"https:\/\/www.egemtv.com\/index.php?rest_route=%2Fwp%2Fv2%2Ftags&post=42232"}],"curies":[{"name":"wp","href":"https:\/\/api.w.org\/{rel}","templated":true}]}}