{"id":42229,"date":"2025-07-15T17:16:34","date_gmt":"2025-07-15T14:16:34","guid":{"rendered":"https:\/\/www.egemtv.com\/?p=42229"},"modified":"2025-07-15T17:16:38","modified_gmt":"2025-07-15T14:16:38","slug":"fethiyede-15-temmuz-sehitleri-icin-mevlid-programi-duzenlendi","status":"publish","type":"post","link":"https:\/\/www.egemtv.com\/?p=42229","title":{"rendered":"Fethiye\u2019de 15 Temmuz \u015eehitleri \u0130\u00e7in mevlid program\u0131 d\u00fczenlendi"},"content":{"rendered":"<p>Mu\u011fla\u2019nn Fethiye il\u00e7esinde 15 Temmuz Demokrasi ve Milli Birlik G\u00fcn\u00fc kapsam\u0131nda Fethiye Merkez Camii\u2019nde \u015fehitler i\u00e7in Mevlid-i \u015eerif ve Hatim Duas\u0131 program\u0131 ger\u00e7ekle\u015ftirildi. Programa kat\u0131lan Fethiye Kaymakam\u0131 Fatih Akkaya, &#8220;15 Temmuz gecesi milletimiz iradesine, devletine ve demokrasisine sahip \u00e7\u0131karak b\u00fcy\u00fck bir destan yazm\u0131\u015ft\u0131r&#8221; dedi.<\/p>\n<p>15 Temmuz hain darbe giri\u015fiminin 9. y\u0131ld\u00f6n\u00fcm\u00fcnde, t\u00fcm yurtta oldu\u011fu gibi Fethiye\u2019de de anma programlar\u0131 d\u00fczenlendi. Fethiye M\u00fcft\u00fcl\u00fc\u011f\u00fc \u00f6nc\u00fcl\u00fc\u011f\u00fcnde Merkez Camii\u2019nde ger\u00e7ekle\u015ftirilen Mevlid-i \u015eerif ve Hatim Duas\u0131 program\u0131na il\u00e7e protokol\u00fc ve \u00e7ok say\u0131da vatanda\u015f kat\u0131ld\u0131. Programda, 15 Temmuz gecesi hayat\u0131n\u0131 kaybeden 256 \u015fehit i\u00e7in Kur\u2019an-\u0131 Kerim tilaveti okundu, dualar edildi ve hatimler indirildi.<\/p>\n<p>&#8220;Milletimiz b\u00fcy\u00fck bir destan yazd\u0131&#8221;<br \/>\n<br \/>Program sonras\u0131 konu\u015fan Fethiye Kaymakam\u0131 Fatih Akkaya 15 Temmuz\u2019un T\u00fcrk milleti i\u00e7in bir d\u00f6n\u00fcm noktas\u0131 oldu\u011funu vurgulad\u0131. Kaymakam Akkaya, &#8220;Bug\u00fcn, 15 Temmuz Milli Birlik ve Demokrasi G\u00fcn\u00fc\u2019n\u00fcn 9. y\u0131ld\u00f6n\u00fcm\u00fc. O kara gecede milletimizin g\u00f6sterdi\u011fi cesaret ve kararl\u0131l\u0131k, tarih boyunca unutulmayacak bir destand\u0131r. Cumhurba\u015fkan\u0131m\u0131z Say\u0131n Recep Tayyip Erdo\u011fan\u2019\u0131n \u00e7a\u011fr\u0131s\u0131yla meydanlara \u00e7\u0131kan y\u00fczbinlerce vatanda\u015f\u0131m\u0131z, inan\u00e7lar\u0131 ve vatan sevgileriyle hain FET\u00d6 yap\u0131lanmas\u0131na kar\u015f\u0131 dimdik durarak b\u00fcy\u00fck bir direni\u015f sergiledi. Ancak bu u\u011furda 256 \u015fehidimiz oldu, binlerce vatanda\u015f\u0131m\u0131z yaraland\u0131. Onlar\u0131n fedakarl\u0131\u011f\u0131n\u0131 asla unutmayaca\u011f\u0131z. Bug\u00fcn burada, Merkez Camii\u2019mizde \u015fehitlerimizin ruhuna ithafen okunan Mevlid-i \u015eerif ve hatim dualar\u0131na hep birlikte i\u015ftirak ettik. Bu anlaml\u0131 g\u00fcnde bizlere e\u015flik eden protokol \u00fcyelerine, din g\u00f6revlilerimize ve vatanda\u015flar\u0131m\u0131za te\u015fekk\u00fcr ediyorum. Program\u0131m\u0131z, \u015fehitli\u011fimizi ziyaret ederek ve \u015fehit ailelerimizin evlerinde d\u00fczenleyece\u011fimiz ziyaretlerle devam edecek. Ak\u015fam da Be\u015fkaza Meydan\u0131\u2019nda ger\u00e7ekle\u015ftirece\u011fimiz resmi t\u00f6renle, 15 Temmuz\u2019u bir kez daha unutmadan, unutturmadan anaca\u011f\u0131z&#8221; dedi.<\/p>\n<p>D\u00fczenlenen programa Fethiye Kaymakam\u0131 Fatih Akkaya, Fethiye \u0130l\u00e7e Emniyet M\u00fcd\u00fcr\u00fc Salih Murat Kara, Fethiye \u0130l\u00e7e Jandarma Komutan\u0131 Ya\u015far Do\u011fu, Fethiye Sahil G\u00fcvenlik Komutan\u0131 Burak Akanp\u0131nar ile birlikte il\u00e7e m\u00fcft\u00fcl\u00fc\u011f\u00fc yetkilileri, din g\u00f6revlileri ve vatanda\u015flar kat\u0131ld\u0131.<\/p>\n<p>Fethiye\u2019de g\u00fcn boyu devam edecek olan 15 Temmuz Demokrasi ve Milli Birlik G\u00fcn\u00fc etkinlikleri, ak\u015fam saatlerinde Be\u015fkaza Meydan\u0131\u2019nda yap\u0131lacak anma program\u0131 ile sona erecek.<br \/><\/p>\n","protected":false},"excerpt":{"rendered":"<p>Mu\u011fla\u2019nn Fethiye il\u00e7esinde 15 Temmuz Demokrasi ve Milli Birlik G\u00fcn\u00fc kapsam\u0131nda Fethiye Merkez Camii\u2019nde \u015fehitler i\u00e7in Mevlid-i \u015eerif ve Hatim Duas\u0131 program\u0131 ger\u00e7ekle\u015ftirildi. Programa kat\u0131lan Fethiye Kaymakam\u0131 Fatih Akkaya, &#8220;15 Temmuz gecesi milletimiz iradesine, devletine ve demokrasisine sahip \u00e7\u0131karak b\u00fcy\u00fck bir destan yazm\u0131\u015ft\u0131r&#8221; dedi. 15 Temmuz hain darbe giri\u015fiminin 9. y\u0131ld\u00f6n\u00fcm\u00fcnde, t\u00fcm yurtta oldu\u011fu gibi&#8230;<\/p>\n","protected":false},"author":1,"featured_media":42230,"comment_status":"open","ping_status":"open","sticky":false,"template":"","format":"standard","meta":{"_crdt_document":"","footnotes":""},"categories":[123],"tags":[],"class_list":["post-42229","post","type-post","status-publish","format-standard","has-post-thumbnail","hentry","category-gundem"],"_links":{"self":[{"href":"https:\/\/www.egemtv.com\/index.php?rest_route=\/wp\/v2\/posts\/42229","targetHints":{"allow":["GET"]}}],"collection":[{"href":"https:\/\/www.egemtv.com\/index.php?rest_route=\/wp\/v2\/posts"}],"about":[{"href":"https:\/\/www.egemtv.com\/index.php?rest_route=\/wp\/v2\/types\/post"}],"author":[{"embeddable":true,"href":"https:\/\/www.egemtv.com\/index.php?rest_route=\/wp\/v2\/users\/1"}],"replies":[{"embeddable":true,"href":"https:\/\/www.egemtv.com\/index.php?rest_route=%2Fwp%2Fv2%2Fcomments&post=42229"}],"version-history":[{"count":1,"href":"https:\/\/www.egemtv.com\/index.php?rest_route=\/wp\/v2\/posts\/42229\/revisions"}],"predecessor-version":[{"id":42231,"href":"https:\/\/www.egemtv.com\/index.php?rest_route=\/wp\/v2\/posts\/42229\/revisions\/42231"}],"wp:featuredmedia":[{"embeddable":true,"href":"https:\/\/www.egemtv.com\/index.php?rest_route=\/wp\/v2\/media\/42230"}],"wp:attachment":[{"href":"https:\/\/www.egemtv.com\/index.php?rest_route=%2Fwp%2Fv2%2Fmedia&parent=42229"}],"wp:term":[{"taxonomy":"category","embeddable":true,"href":"https:\/\/www.egemtv.com\/index.php?rest_route=%2Fwp%2Fv2%2Fcategories&post=42229"},{"taxonomy":"post_tag","embeddable":true,"href":"https:\/\/www.egemtv.com\/index.php?rest_route=%2Fwp%2Fv2%2Ftags&post=42229"}],"curies":[{"name":"wp","href":"https:\/\/api.w.org\/{rel}","templated":true}]}}