{"id":42226,"date":"2025-07-15T17:16:29","date_gmt":"2025-07-15T14:16:29","guid":{"rendered":"https:\/\/www.egemtv.com\/?p=42226"},"modified":"2025-07-15T17:16:34","modified_gmt":"2025-07-15T14:16:34","slug":"emette-sehit-mezarlari-ve-sehit-aileleri-ziyaret-edildi","status":"publish","type":"post","link":"https:\/\/www.egemtv.com\/?p=42226","title":{"rendered":"Emet\u2019te \u015fehit mezarlar\u0131 ve \u015fehit aileleri ziyaret edildi"},"content":{"rendered":"<p>K\u00fctahya\u2019n\u0131n Emet il\u00e7esinde 15 Temmuz Demokrasi ve Milli Birlik G\u00fcn\u00fc program\u0131 \u00e7er\u00e7evesinde \u015fehit mezarlar\u0131 ve \u015fehit aileleri ziyaret edildi.<br \/>\n<br \/>Emet Kaymakam\u0131 Mehmet Alperen Ba\u015fkapan, Emet Belediye Ba\u015fkan\u0131 Mustafa Koca, il\u00e7e protokol\u00fc, \u015fehit aileleri ve gaziler il\u00e7e mezarl\u0131\u011f\u0131nda bulunan \u015fehit kabirlerini ziyaret etti. \u015eehitler i\u00e7in dualar edilirken, \u015fehit aileleri de ziyaret edildi.<br \/>\n<br \/>\u0130l\u00e7ede saat 20.30\u2019da H\u00fck\u00fcmet Kona\u011f\u0131 \u00f6n\u00fcnden birlik y\u00fcr\u00fcy\u00fc\u015f\u00fc ger\u00e7ekle\u015ftirilecek. Ard\u0131ndan saat 21.00\u2019de H\u00fck\u00fcmet Kona\u011f\u0131 \u00f6n\u00fcnde anma program\u0131 ba\u015flayacak.<br \/><\/p>\n","protected":false},"excerpt":{"rendered":"<p>K\u00fctahya\u2019n\u0131n Emet il\u00e7esinde 15 Temmuz Demokrasi ve Milli Birlik G\u00fcn\u00fc program\u0131 \u00e7er\u00e7evesinde \u015fehit mezarlar\u0131 ve \u015fehit aileleri ziyaret edildi. Emet Kaymakam\u0131 Mehmet Alperen Ba\u015fkapan, Emet Belediye Ba\u015fkan\u0131 Mustafa Koca, il\u00e7e protokol\u00fc, \u015fehit aileleri ve gaziler il\u00e7e mezarl\u0131\u011f\u0131nda bulunan \u015fehit kabirlerini ziyaret etti. \u015eehitler i\u00e7in dualar edilirken, \u015fehit aileleri de ziyaret edildi. \u0130l\u00e7ede saat 20.30\u2019da H\u00fck\u00fcmet&#8230;<\/p>\n","protected":false},"author":1,"featured_media":42227,"comment_status":"open","ping_status":"open","sticky":false,"template":"","format":"standard","meta":{"_crdt_document":"","footnotes":""},"categories":[123],"tags":[],"class_list":["post-42226","post","type-post","status-publish","format-standard","has-post-thumbnail","hentry","category-gundem"],"_links":{"self":[{"href":"https:\/\/www.egemtv.com\/index.php?rest_route=\/wp\/v2\/posts\/42226","targetHints":{"allow":["GET"]}}],"collection":[{"href":"https:\/\/www.egemtv.com\/index.php?rest_route=\/wp\/v2\/posts"}],"about":[{"href":"https:\/\/www.egemtv.com\/index.php?rest_route=\/wp\/v2\/types\/post"}],"author":[{"embeddable":true,"href":"https:\/\/www.egemtv.com\/index.php?rest_route=\/wp\/v2\/users\/1"}],"replies":[{"embeddable":true,"href":"https:\/\/www.egemtv.com\/index.php?rest_route=%2Fwp%2Fv2%2Fcomments&post=42226"}],"version-history":[{"count":1,"href":"https:\/\/www.egemtv.com\/index.php?rest_route=\/wp\/v2\/posts\/42226\/revisions"}],"predecessor-version":[{"id":42228,"href":"https:\/\/www.egemtv.com\/index.php?rest_route=\/wp\/v2\/posts\/42226\/revisions\/42228"}],"wp:featuredmedia":[{"embeddable":true,"href":"https:\/\/www.egemtv.com\/index.php?rest_route=\/wp\/v2\/media\/42227"}],"wp:attachment":[{"href":"https:\/\/www.egemtv.com\/index.php?rest_route=%2Fwp%2Fv2%2Fmedia&parent=42226"}],"wp:term":[{"taxonomy":"category","embeddable":true,"href":"https:\/\/www.egemtv.com\/index.php?rest_route=%2Fwp%2Fv2%2Fcategories&post=42226"},{"taxonomy":"post_tag","embeddable":true,"href":"https:\/\/www.egemtv.com\/index.php?rest_route=%2Fwp%2Fv2%2Ftags&post=42226"}],"curies":[{"name":"wp","href":"https:\/\/api.w.org\/{rel}","templated":true}]}}