{"id":42223,"date":"2025-07-15T16:55:48","date_gmt":"2025-07-15T13:55:48","guid":{"rendered":"https:\/\/www.egemtv.com\/?p=42223"},"modified":"2025-07-15T16:55:54","modified_gmt":"2025-07-15T13:55:54","slug":"saruhanli-apaktaki-orman-yangini-kontrol-altinda-seyitobadaki-mudahale-suruyor","status":"publish","type":"post","link":"https:\/\/www.egemtv.com\/?p=42223","title":{"rendered":"Saruhanl\u0131 Apak\u2019taki orman yang\u0131n\u0131 kontrol alt\u0131nda, Seyitoba\u2019daki m\u00fcdahale s\u00fcr\u00fcyor"},"content":{"rendered":"<p>Manisa\u2019n\u0131n Saruhanl\u0131 il\u00e7esine ba\u011fl\u0131 Apak Mahallesi\u2019nde \u00e7\u0131kan orman yang\u0131n\u0131 ekiplerin yo\u011fun \u00e7abalar\u0131 sonucu kontrol alt\u0131na al\u0131n\u0131rken, Seyitoba Mahallesi\u2019nde devam eden yang\u0131na havadan ve karadan m\u00fcdahale s\u00fcr\u00fcyor.<br \/>\n<br \/>Manisa Valili\u011fi\u2019nden yap\u0131lan a\u00e7\u0131klamaya g\u00f6re, Apak Mahallesi\u2019nde \u00e7\u0131kan orman yang\u0131n\u0131 k\u0131sa s\u00fcrede kontrol alt\u0131na al\u0131nd\u0131 ve b\u00f6lgede so\u011futma \u00e7al\u0131\u015fmalar\u0131 devam ediyor.<br \/>\n<br \/>\u00d6te yandan, Saruhanl\u0131\u2019n\u0131n Seyitoba Mahallesi\u2019nde devam eden orman yang\u0131n\u0131na ise; 5 u\u00e7ak, 13 helikopter, 32 araz\u00f6z, 2 itfaiye ekibi, 15 su tankeri ve 7 i\u015f makinesi ile m\u00fcdahale ediliyor. Yang\u0131n\u0131n yay\u0131lmas\u0131n\u0131 \u00f6nlemek amac\u0131yla b\u00f6lgede geni\u015f g\u00fcvenlik \u00f6nlemleri al\u0131n\u0131rken, sa\u011fl\u0131k ekipleri de haz\u0131r bekletiliyor.<br \/>\n<br \/>Manisa Valili\u011fi taraf\u0131ndan yap\u0131lan a\u00e7\u0131klamada, &#8220;Yang\u0131n b\u00f6lgesinde gerekli g\u00fcvenlik ve sa\u011fl\u0131k tedbirleri al\u0131nm\u0131\u015f olup vatanda\u015flar\u0131m\u0131z\u0131n yang\u0131n risklerine kar\u015f\u0131 dikkatli ve tedbirli olmas\u0131 \u00f6nem arz etmektedir.&#8221; denildi.<br \/><\/p>\n","protected":false},"excerpt":{"rendered":"<p>Manisa\u2019n\u0131n Saruhanl\u0131 il\u00e7esine ba\u011fl\u0131 Apak Mahallesi\u2019nde \u00e7\u0131kan orman yang\u0131n\u0131 ekiplerin yo\u011fun \u00e7abalar\u0131 sonucu kontrol alt\u0131na al\u0131n\u0131rken, Seyitoba Mahallesi\u2019nde devam eden yang\u0131na havadan ve karadan m\u00fcdahale s\u00fcr\u00fcyor. Manisa Valili\u011fi\u2019nden yap\u0131lan a\u00e7\u0131klamaya g\u00f6re, Apak Mahallesi\u2019nde \u00e7\u0131kan orman yang\u0131n\u0131 k\u0131sa s\u00fcrede kontrol alt\u0131na al\u0131nd\u0131 ve b\u00f6lgede so\u011futma \u00e7al\u0131\u015fmalar\u0131 devam ediyor. \u00d6te yandan, Saruhanl\u0131\u2019n\u0131n Seyitoba Mahallesi\u2019nde devam eden orman&#8230;<\/p>\n","protected":false},"author":1,"featured_media":42224,"comment_status":"open","ping_status":"open","sticky":false,"template":"","format":"standard","meta":{"_crdt_document":"","footnotes":""},"categories":[5],"tags":[],"class_list":["post-42223","post","type-post","status-publish","format-standard","has-post-thumbnail","hentry","category-asayis"],"_links":{"self":[{"href":"https:\/\/www.egemtv.com\/index.php?rest_route=\/wp\/v2\/posts\/42223","targetHints":{"allow":["GET"]}}],"collection":[{"href":"https:\/\/www.egemtv.com\/index.php?rest_route=\/wp\/v2\/posts"}],"about":[{"href":"https:\/\/www.egemtv.com\/index.php?rest_route=\/wp\/v2\/types\/post"}],"author":[{"embeddable":true,"href":"https:\/\/www.egemtv.com\/index.php?rest_route=\/wp\/v2\/users\/1"}],"replies":[{"embeddable":true,"href":"https:\/\/www.egemtv.com\/index.php?rest_route=%2Fwp%2Fv2%2Fcomments&post=42223"}],"version-history":[{"count":1,"href":"https:\/\/www.egemtv.com\/index.php?rest_route=\/wp\/v2\/posts\/42223\/revisions"}],"predecessor-version":[{"id":42225,"href":"https:\/\/www.egemtv.com\/index.php?rest_route=\/wp\/v2\/posts\/42223\/revisions\/42225"}],"wp:featuredmedia":[{"embeddable":true,"href":"https:\/\/www.egemtv.com\/index.php?rest_route=\/wp\/v2\/media\/42224"}],"wp:attachment":[{"href":"https:\/\/www.egemtv.com\/index.php?rest_route=%2Fwp%2Fv2%2Fmedia&parent=42223"}],"wp:term":[{"taxonomy":"category","embeddable":true,"href":"https:\/\/www.egemtv.com\/index.php?rest_route=%2Fwp%2Fv2%2Fcategories&post=42223"},{"taxonomy":"post_tag","embeddable":true,"href":"https:\/\/www.egemtv.com\/index.php?rest_route=%2Fwp%2Fv2%2Ftags&post=42223"}],"curies":[{"name":"wp","href":"https:\/\/api.w.org\/{rel}","templated":true}]}}