{"id":42220,"date":"2025-07-15T16:55:43","date_gmt":"2025-07-15T13:55:43","guid":{"rendered":"https:\/\/www.egemtv.com\/?p=42220"},"modified":"2025-07-15T16:55:48","modified_gmt":"2025-07-15T13:55:48","slug":"muhtardan-mahallede-yangin-tedbiri","status":"publish","type":"post","link":"https:\/\/www.egemtv.com\/?p=42220","title":{"rendered":"Muhtardan mahallede yang\u0131n tedbiri"},"content":{"rendered":"<p>Ayd\u0131n\u2019\u0131n Efeler il\u00e7esinde bulunan Kemer Mahallesi Muhtar\u0131 H\u00fcseyin \u0130ncitme, yang\u0131n riskini en aza indirmek amac\u0131yla mahalledeki bir\u00e7ok noktada bulunan kuru otlar\u0131n temizlenmesini sa\u011flad\u0131.<\/p>\n<p>Ayd\u0131n\u2019\u0131n ilk yerle\u015fim yerlerinden oldu\u011fu d\u00fc\u015f\u00fcn\u00fclen Tralleis Antik Kenti\u2019nin de s\u0131n\u0131rlar\u0131 i\u00e7erisinde bulundu\u011fu Kemer Mahallesi\u2019nde muhtar H\u00fcseyin \u0130ncitme\u2019nin giri\u015fimleriyle yang\u0131n tedbirleri al\u0131nd\u0131. Havalar\u0131n \u0131s\u0131nmas\u0131yla birlikte orman ve zirai alan yang\u0131nlar\u0131 artarken, muhtar \u0130ncitme, mahallede \u00e7ok say\u0131da bulunan bo\u015f arazi ve zirai alanlarda kuru otlar\u0131n temizlenmesi i\u00e7in harekete ge\u00e7ti. Kuru otlar\u0131n temizlenerek yang\u0131na davetiye \u00e7\u0131karmamas\u0131 i\u00e7in i\u015fe koyulan muhtar \u0130ncitme, mahalle genelindeki kuru otlar\u0131n bulundu\u011fu b\u00f6lgelerin listesini \u00e7\u0131kard\u0131\u011f\u0131. Haz\u0131rlad\u0131\u011f\u0131 rapor do\u011frultusun ilgili kurumlara ba\u015fvuru yapan \u0130ncitme, bir\u00e7ok noktada bulunan kuru otlar\u0131n temizlenmesini sa\u011flad\u0131.<\/p>\n<p>Yang\u0131n riskinin en aza indirilmesi i\u00e7in herkesin dikkatli olmas\u0131 ve elini ta\u015f\u0131n alt\u0131na koymas\u0131 gerekti\u011fini vurgulayan muhtar \u0130ncitme; &#8220;Ayko 3. Cadde Aykonut arkas\u0131, Mustafa Kemal Atat\u00fcrk Korusu yan taraf\u0131, Serra Park Sitesi Kuzey k\u0131sm\u0131, Serra Park yan taraf\u0131, Suba\u015f\u0131 Sitesi \u00f6n\u00fcndeki bo\u015f arsa, Ayd\u0131n B\u00fcy\u00fck\u015fehir Belediyesi Y\u00fczme Havuzlar\u0131 \u00f6n\u00fcndeki Arsalar, Kemer Bulvar\u0131 kenar\u0131ndaki bo\u015f alanlar ve yang\u0131n tehlikesi olabilecek bir\u00e7ok yerde tedbirleri ald\u0131k. Yang\u0131n riski olu\u015fturan kuru otlar temizlendi. Eme\u011fi ge\u00e7en herkese te\u015fekk\u00fcr ederim&#8221; dedi.<br \/><\/p>\n","protected":false},"excerpt":{"rendered":"<p>Ayd\u0131n\u2019\u0131n Efeler il\u00e7esinde bulunan Kemer Mahallesi Muhtar\u0131 H\u00fcseyin \u0130ncitme, yang\u0131n riskini en aza indirmek amac\u0131yla mahalledeki bir\u00e7ok noktada bulunan kuru otlar\u0131n temizlenmesini sa\u011flad\u0131. Ayd\u0131n\u2019\u0131n ilk yerle\u015fim yerlerinden oldu\u011fu d\u00fc\u015f\u00fcn\u00fclen Tralleis Antik Kenti\u2019nin de s\u0131n\u0131rlar\u0131 i\u00e7erisinde bulundu\u011fu Kemer Mahallesi\u2019nde muhtar H\u00fcseyin \u0130ncitme\u2019nin giri\u015fimleriyle yang\u0131n tedbirleri al\u0131nd\u0131. Havalar\u0131n \u0131s\u0131nmas\u0131yla birlikte orman ve zirai alan yang\u0131nlar\u0131 artarken, muhtar&#8230;<\/p>\n","protected":false},"author":1,"featured_media":42221,"comment_status":"open","ping_status":"open","sticky":false,"template":"","format":"standard","meta":{"_crdt_document":"","footnotes":""},"categories":[1],"tags":[],"class_list":["post-42220","post","type-post","status-publish","format-standard","has-post-thumbnail","hentry","category-guncel"],"_links":{"self":[{"href":"https:\/\/www.egemtv.com\/index.php?rest_route=\/wp\/v2\/posts\/42220","targetHints":{"allow":["GET"]}}],"collection":[{"href":"https:\/\/www.egemtv.com\/index.php?rest_route=\/wp\/v2\/posts"}],"about":[{"href":"https:\/\/www.egemtv.com\/index.php?rest_route=\/wp\/v2\/types\/post"}],"author":[{"embeddable":true,"href":"https:\/\/www.egemtv.com\/index.php?rest_route=\/wp\/v2\/users\/1"}],"replies":[{"embeddable":true,"href":"https:\/\/www.egemtv.com\/index.php?rest_route=%2Fwp%2Fv2%2Fcomments&post=42220"}],"version-history":[{"count":1,"href":"https:\/\/www.egemtv.com\/index.php?rest_route=\/wp\/v2\/posts\/42220\/revisions"}],"predecessor-version":[{"id":42222,"href":"https:\/\/www.egemtv.com\/index.php?rest_route=\/wp\/v2\/posts\/42220\/revisions\/42222"}],"wp:featuredmedia":[{"embeddable":true,"href":"https:\/\/www.egemtv.com\/index.php?rest_route=\/wp\/v2\/media\/42221"}],"wp:attachment":[{"href":"https:\/\/www.egemtv.com\/index.php?rest_route=%2Fwp%2Fv2%2Fmedia&parent=42220"}],"wp:term":[{"taxonomy":"category","embeddable":true,"href":"https:\/\/www.egemtv.com\/index.php?rest_route=%2Fwp%2Fv2%2Fcategories&post=42220"},{"taxonomy":"post_tag","embeddable":true,"href":"https:\/\/www.egemtv.com\/index.php?rest_route=%2Fwp%2Fv2%2Ftags&post=42220"}],"curies":[{"name":"wp","href":"https:\/\/api.w.org\/{rel}","templated":true}]}}