{"id":42217,"date":"2025-07-15T16:37:21","date_gmt":"2025-07-15T13:37:21","guid":{"rendered":"https:\/\/www.egemtv.com\/?p=42217"},"modified":"2025-07-15T16:37:27","modified_gmt":"2025-07-15T13:37:27","slug":"ihanin-fotograflari-manisada-15-temmuzu-unutturmuyor","status":"publish","type":"post","link":"https:\/\/www.egemtv.com\/?p=42217","title":{"rendered":"\u0130HA\u2019n\u0131n foto\u011fraflar\u0131, Manisa\u2019da 15 Temmuz\u2019u unutturmuyor"},"content":{"rendered":"<p>15 Temmuz 2016\u2019da Fetullah\u00e7\u0131 Ter\u00f6r \u00d6rg\u00fct\u00fc\u2019n\u00fcn (FET\u00d6) T\u00fcrkiye\u2019nin milli birlik ve beraberli\u011fini hedef alan hain darbe giri\u015fiminin 9. y\u0131l\u0131nda, \u0130hlas Haber Ajans\u0131 taraf\u0131ndan 15 Temmuz darbe giri\u015fimi gecesi \u00e7ekilen foto\u011fraflar, Manisa\u2019n\u0131n Salihli il\u00e7esinde sergilendi.<br \/>\n<br \/>Fetullah\u00e7\u0131 Ter\u00f6r \u00d6rg\u00fct\u00fc\u2019n\u00fcn (FET\u00d6) 15 Temmuz 2016 tarihinde ger\u00e7ekle\u015ftirilen hain kalk\u0131\u015fman\u0131n 9\u2019ncu y\u0131l d\u00f6n\u00fcm\u00fcnde, Salihli Kaymakaml\u0131\u011f\u0131 taraf\u0131ndan \u00e7e\u015fitli etkinliler d\u00fczenlendi. Fetullah\u00e7\u0131 Ter\u00f6r \u00d6rg\u00fct\u00fc (FET\u00d6) taraf\u0131ndan anayasal d\u00fczeni bozmaya, T\u00fcrkiye Cumhuriyeti Devleti\u2019ni y\u0131kmaya y\u00f6nelik organize edilen 15 Temmuz darbe giri\u015fiminin engellenmesinin 9\u2019uncu y\u0131l\u0131nda \u2019Demokrasi ve Milli Birlik G\u00fcn\u00fc\u2019 dolay\u0131s\u0131yla Salihli\u2019de &#8220;Zaferin Ad\u0131 T\u00fcrkiye&#8221; temas\u0131yla anma program\u0131 d\u00fczenlendi. Salihli Kaymakaml\u0131\u011f\u0131 taraf\u0131ndan d\u00fczenlenen 15 Temmuz \u015eehitlerini Anma, Demokrasi ve Milli Birlik G\u00fcn\u00fc \u00e7er\u00e7evesinde Hamidiye Camii\u2019nde Mevlid-i \u015eerif okutulup, hatim duas\u0131 yap\u0131ld\u0131.<br \/>\n<br \/>Zafer Keskiner Sergi Salonu\u2019nda 15 Temmuz Foto\u011fraf ve Kitap Sergisi a\u00e7\u0131ld\u0131. Foto\u011fraf sergisinde T\u00fcrk milletinin destans\u0131 direni\u015fini kay\u0131t alt\u0131na al\u0131nan \u0130hlas Haber Ajans\u0131 (\u0130HA) taraf\u0131ndan \u00e7ekilen foto\u011fraflar\u0131 yer ald\u0131. Salihlili vatanda\u015flar sergiyi b\u00fcy\u00fck ilgi g\u00f6sterirken, \u0130HA\u2019n\u0131n foto\u011fraf sergisi ise vatanda\u015flara hain darbe gecesindeki o anlar\u0131 tekrar hat\u0131rlatt\u0131.<br \/>\n<br \/>Program kapsam\u0131nda Asri ve Karaa\u011fa\u00e7 Mezarl\u0131\u011f\u0131\u2019ndaki \u015fehitlikler ziyaret edilip, karanfil b\u0131rak\u0131l\u0131rken,  t\u00fcm \u015fehitler an\u0131s\u0131na Kur\u2019an-\u0131 Kerim okunarak dualar edildi.<br \/>\n<br \/>15 Temmuz Demokrasi ve Milli Birlik G\u00fcn\u00fc etkinliklerine; Kaymakam Ali G\u00fcldo\u011fan,  \u0130l\u00e7e Emniyet M\u00fcd\u00fcr\u00fc Burhan Demirk\u0131ran, \u0130l\u00e7e Jandarma Komutan\u0131 Binba\u015f\u0131 Do\u011fukan Karaaslan, \u0130l\u00e7e Milli E\u011fitim M\u00fcd\u00fcr\u00fc Mahmut Yenen, \u0130l\u00e7e M\u00fcft\u00fcs\u00fc Ali \u00c7ebi, Ziraat Odas\u0131 Ba\u015fkan\u0131 Cem Yalva\u00e7, AK Parti \u0130l\u00e7e Ba\u015fkan\u0131 Nejat Can Uygun, MHP \u0130l\u00e7e Ba\u015fkan\u0131 Halil T\u00fcfek siyasi parti temsilcileri ve daire m\u00fcd\u00fcrleri kat\u0131ld\u0131.<br \/><\/p>\n","protected":false},"excerpt":{"rendered":"<p>15 Temmuz 2016\u2019da Fetullah\u00e7\u0131 Ter\u00f6r \u00d6rg\u00fct\u00fc\u2019n\u00fcn (FET\u00d6) T\u00fcrkiye\u2019nin milli birlik ve beraberli\u011fini hedef alan hain darbe giri\u015fiminin 9. y\u0131l\u0131nda, \u0130hlas Haber Ajans\u0131 taraf\u0131ndan 15 Temmuz darbe giri\u015fimi gecesi \u00e7ekilen foto\u011fraflar, Manisa\u2019n\u0131n Salihli il\u00e7esinde sergilendi. Fetullah\u00e7\u0131 Ter\u00f6r \u00d6rg\u00fct\u00fc\u2019n\u00fcn (FET\u00d6) 15 Temmuz 2016 tarihinde ger\u00e7ekle\u015ftirilen hain kalk\u0131\u015fman\u0131n 9\u2019ncu y\u0131l d\u00f6n\u00fcm\u00fcnde, Salihli Kaymakaml\u0131\u011f\u0131 taraf\u0131ndan \u00e7e\u015fitli etkinliler d\u00fczenlendi. Fetullah\u00e7\u0131&#8230;<\/p>\n","protected":false},"author":1,"featured_media":42218,"comment_status":"open","ping_status":"open","sticky":false,"template":"","format":"standard","meta":{"_crdt_document":"","footnotes":""},"categories":[1],"tags":[],"class_list":["post-42217","post","type-post","status-publish","format-standard","has-post-thumbnail","hentry","category-guncel"],"_links":{"self":[{"href":"https:\/\/www.egemtv.com\/index.php?rest_route=\/wp\/v2\/posts\/42217","targetHints":{"allow":["GET"]}}],"collection":[{"href":"https:\/\/www.egemtv.com\/index.php?rest_route=\/wp\/v2\/posts"}],"about":[{"href":"https:\/\/www.egemtv.com\/index.php?rest_route=\/wp\/v2\/types\/post"}],"author":[{"embeddable":true,"href":"https:\/\/www.egemtv.com\/index.php?rest_route=\/wp\/v2\/users\/1"}],"replies":[{"embeddable":true,"href":"https:\/\/www.egemtv.com\/index.php?rest_route=%2Fwp%2Fv2%2Fcomments&post=42217"}],"version-history":[{"count":1,"href":"https:\/\/www.egemtv.com\/index.php?rest_route=\/wp\/v2\/posts\/42217\/revisions"}],"predecessor-version":[{"id":42219,"href":"https:\/\/www.egemtv.com\/index.php?rest_route=\/wp\/v2\/posts\/42217\/revisions\/42219"}],"wp:featuredmedia":[{"embeddable":true,"href":"https:\/\/www.egemtv.com\/index.php?rest_route=\/wp\/v2\/media\/42218"}],"wp:attachment":[{"href":"https:\/\/www.egemtv.com\/index.php?rest_route=%2Fwp%2Fv2%2Fmedia&parent=42217"}],"wp:term":[{"taxonomy":"category","embeddable":true,"href":"https:\/\/www.egemtv.com\/index.php?rest_route=%2Fwp%2Fv2%2Fcategories&post=42217"},{"taxonomy":"post_tag","embeddable":true,"href":"https:\/\/www.egemtv.com\/index.php?rest_route=%2Fwp%2Fv2%2Ftags&post=42217"}],"curies":[{"name":"wp","href":"https:\/\/api.w.org\/{rel}","templated":true}]}}