{"id":42214,"date":"2025-07-15T16:37:16","date_gmt":"2025-07-15T13:37:16","guid":{"rendered":"https:\/\/www.egemtv.com\/?p=42214"},"modified":"2025-07-15T16:37:21","modified_gmt":"2025-07-15T13:37:21","slug":"once-sehitlik-ardindan-sehit-ailesi-ziyaret-edildi","status":"publish","type":"post","link":"https:\/\/www.egemtv.com\/?p=42214","title":{"rendered":"\u00d6nce \u015fehitlik ard\u0131ndan \u015fehit ailesi ziyaret edildi"},"content":{"rendered":"<p>15 Temmuz Demokrasi ve Milli Birlik G\u00fcn\u00fc kapsam\u0131nda Kula\u2019da il\u00e7e \u015fehitli\u011fi ve \u015fehit ailesi ziyaret edildi.<br \/>\n<br \/>Kula Kaymakam\u0131 Talha Altunta\u015f, protokol \u00fcyeleriyle birlikte il\u00e7e \u015fehitli\u011findeki \u015fehit kabirlerini ziyaret ederek, Kur\u2019an-\u0131 Kerim tilaveti e\u015fli\u011finde dualar okudu. \u015eehitlik ziyaretinin ard\u0131ndan, 1995 y\u0131l\u0131nda Van\u2019\u0131n G\u00fcrp\u0131nar il\u00e7esinde \u015fehit olan Jandarma Er Ra\u015fit Uzun\u2019un Nar\u0131ncal\u0131p\u0131trak Mahallesi\u2019nde ya\u015fayan ailesi, program kapsam\u0131nda evlerinde ziyaret edildi. Ziyarete; Kula Kaymakam\u0131 Talha Altunta\u015f, Kula Belediye Ba\u015fkan Yard\u0131mc\u0131s\u0131 Mehmet U\u00e7ak, \u0130l\u00e7e Jandarma Komutan\u0131 \u00dcste\u011fmen Bayram Y\u00fcksel, \u0130l\u00e7e Emniyet M\u00fcd\u00fcr\u00fc Secaattin Aktay,  AK Parti \u0130l\u00e7e Ba\u015fkan\u0131 Nejat G\u00fclmez, Kula Gazi ve \u015eehit Aileleri Derne\u011fi Ba\u015fkan\u0131 Mehmet \u00c7\u00fcr\u00fck ve il\u00e7e protokol \u00fcyeleri kat\u0131ld\u0131. \u015eehidin ailesine yap\u0131lan ziyarette, vatan u\u011fruna can veren kahramanlar\u0131n emaneti olan ailelerinin her zaman ba\u015f tac\u0131 oldu\u011fu vurguland\u0131. Ziyaret s\u0131ras\u0131nda dualar edildi; birlik, beraberlik ve minnet duygular\u0131 dile getirildi.<br \/>\n<br \/>Program sonunda Kaymakam Altunta\u015f, 15 Temmuz\u2019un yaln\u0131zca bir direni\u015f g\u00fcn\u00fc de\u011fil, ayn\u0131 zamanda t\u00fcm \u015fehitlerin ve gazilerin hat\u0131ras\u0131n\u0131n yeniden idrak edildi\u011fi bir milli birlik ve beraberlik g\u00fcn\u00fc oldu\u011funu belirterek, t\u00fcm kat\u0131l\u0131mc\u0131lara te\u015fekk\u00fcr etti.<br \/><\/p>\n","protected":false},"excerpt":{"rendered":"<p>15 Temmuz Demokrasi ve Milli Birlik G\u00fcn\u00fc kapsam\u0131nda Kula\u2019da il\u00e7e \u015fehitli\u011fi ve \u015fehit ailesi ziyaret edildi. Kula Kaymakam\u0131 Talha Altunta\u015f, protokol \u00fcyeleriyle birlikte il\u00e7e \u015fehitli\u011findeki \u015fehit kabirlerini ziyaret ederek, Kur\u2019an-\u0131 Kerim tilaveti e\u015fli\u011finde dualar okudu. \u015eehitlik ziyaretinin ard\u0131ndan, 1995 y\u0131l\u0131nda Van\u2019\u0131n G\u00fcrp\u0131nar il\u00e7esinde \u015fehit olan Jandarma Er Ra\u015fit Uzun\u2019un Nar\u0131ncal\u0131p\u0131trak Mahallesi\u2019nde ya\u015fayan ailesi, program kapsam\u0131nda&#8230;<\/p>\n","protected":false},"author":1,"featured_media":42215,"comment_status":"open","ping_status":"open","sticky":false,"template":"","format":"standard","meta":{"_crdt_document":"","footnotes":""},"categories":[1],"tags":[],"class_list":["post-42214","post","type-post","status-publish","format-standard","has-post-thumbnail","hentry","category-guncel"],"_links":{"self":[{"href":"https:\/\/www.egemtv.com\/index.php?rest_route=\/wp\/v2\/posts\/42214","targetHints":{"allow":["GET"]}}],"collection":[{"href":"https:\/\/www.egemtv.com\/index.php?rest_route=\/wp\/v2\/posts"}],"about":[{"href":"https:\/\/www.egemtv.com\/index.php?rest_route=\/wp\/v2\/types\/post"}],"author":[{"embeddable":true,"href":"https:\/\/www.egemtv.com\/index.php?rest_route=\/wp\/v2\/users\/1"}],"replies":[{"embeddable":true,"href":"https:\/\/www.egemtv.com\/index.php?rest_route=%2Fwp%2Fv2%2Fcomments&post=42214"}],"version-history":[{"count":1,"href":"https:\/\/www.egemtv.com\/index.php?rest_route=\/wp\/v2\/posts\/42214\/revisions"}],"predecessor-version":[{"id":42216,"href":"https:\/\/www.egemtv.com\/index.php?rest_route=\/wp\/v2\/posts\/42214\/revisions\/42216"}],"wp:featuredmedia":[{"embeddable":true,"href":"https:\/\/www.egemtv.com\/index.php?rest_route=\/wp\/v2\/media\/42215"}],"wp:attachment":[{"href":"https:\/\/www.egemtv.com\/index.php?rest_route=%2Fwp%2Fv2%2Fmedia&parent=42214"}],"wp:term":[{"taxonomy":"category","embeddable":true,"href":"https:\/\/www.egemtv.com\/index.php?rest_route=%2Fwp%2Fv2%2Fcategories&post=42214"},{"taxonomy":"post_tag","embeddable":true,"href":"https:\/\/www.egemtv.com\/index.php?rest_route=%2Fwp%2Fv2%2Ftags&post=42214"}],"curies":[{"name":"wp","href":"https:\/\/api.w.org\/{rel}","templated":true}]}}