{"id":42211,"date":"2025-07-15T16:37:10","date_gmt":"2025-07-15T13:37:10","guid":{"rendered":"https:\/\/www.egemtv.com\/?p=42211"},"modified":"2025-07-15T16:37:15","modified_gmt":"2025-07-15T13:37:15","slug":"aydinda-15-temmuz-sehitleri-icin-mevlid-i-serif-okundu","status":"publish","type":"post","link":"https:\/\/www.egemtv.com\/?p=42211","title":{"rendered":"Ayd\u0131n\u2019da 15 Temmuz \u015eehitleri i\u00e7in Mevlid-i \u015eerif okundu"},"content":{"rendered":"<p>Ayd\u0131n Valili\u011fi koordinesinde, 15 Temmuz Demokrasi ve Mill\u00ee Birlik G\u00fcn\u00fc anma programlar\u0131 \u00e7er\u00e7evesinde Ayd\u0131n \u0130l M\u00fcft\u00fcl\u00fc\u011f\u00fc taraf\u0131ndan Bey Camii\u2019nde Mevlid-i \u015eerif ve hatim duas\u0131 program\u0131 d\u00fczenlendi.<\/p>\n<p>Programa Ayd\u0131n Vali Yard\u0131mc\u0131s\u0131 Bilgehan Bayar, il protokol\u00fc, din g\u00f6revlileri ve \u00e7ok say\u0131da vatanda\u015f kat\u0131ld\u0131. Bey Camii g\u00f6revlileri taraf\u0131ndan okunan Kur\u2019an-\u0131 Kerim, salavatlar, ilahiler ve Mevlid-i \u015eerif\u2019in ard\u0131ndan \u0130l M\u00fcft\u00fcs\u00fc Hasan G\u00fcne\u015f taraf\u0131ndan 15 Temmuz \u015fehitleri ba\u015fta olmak \u00fczere t\u00fcm \u015fehitler i\u00e7in dua edildi. \u0130l M\u00fcft\u00fcs\u00fc Hasan G\u00fcne\u015f duas\u0131nda, &#8220;Bu aziz milletin birlik ve beraberli\u011fini hedef alan her t\u00fcrl\u00fc giri\u015fime kar\u015f\u0131 g\u00f6\u011fs\u00fcn\u00fc siper eden \u015fehitlerimizi rahmetle y\u00e2d ediyoruz. 15 Temmuz\u2019da g\u00f6sterilen iman, cesaret ve direni\u015f ruhu nesilden nesle aktar\u0131lacak b\u00fcy\u00fck bir destand\u0131r. Rabbimiz milletimizi bir daha b\u00f6yle imtihanlarla kar\u015f\u0131la\u015ft\u0131rmas\u0131n, devletimizi ve ezanlar\u0131m\u0131z\u0131 payidar eylesin&#8221; ifadelerini kulland\u0131.<br \/><\/p>\n","protected":false},"excerpt":{"rendered":"<p>Ayd\u0131n Valili\u011fi koordinesinde, 15 Temmuz Demokrasi ve Mill\u00ee Birlik G\u00fcn\u00fc anma programlar\u0131 \u00e7er\u00e7evesinde Ayd\u0131n \u0130l M\u00fcft\u00fcl\u00fc\u011f\u00fc taraf\u0131ndan Bey Camii\u2019nde Mevlid-i \u015eerif ve hatim duas\u0131 program\u0131 d\u00fczenlendi. Programa Ayd\u0131n Vali Yard\u0131mc\u0131s\u0131 Bilgehan Bayar, il protokol\u00fc, din g\u00f6revlileri ve \u00e7ok say\u0131da vatanda\u015f kat\u0131ld\u0131. Bey Camii g\u00f6revlileri taraf\u0131ndan okunan Kur\u2019an-\u0131 Kerim, salavatlar, ilahiler ve Mevlid-i \u015eerif\u2019in ard\u0131ndan \u0130l&#8230;<\/p>\n","protected":false},"author":1,"featured_media":42212,"comment_status":"open","ping_status":"open","sticky":false,"template":"","format":"standard","meta":{"_crdt_document":"","footnotes":""},"categories":[1],"tags":[],"class_list":["post-42211","post","type-post","status-publish","format-standard","has-post-thumbnail","hentry","category-guncel"],"_links":{"self":[{"href":"https:\/\/www.egemtv.com\/index.php?rest_route=\/wp\/v2\/posts\/42211","targetHints":{"allow":["GET"]}}],"collection":[{"href":"https:\/\/www.egemtv.com\/index.php?rest_route=\/wp\/v2\/posts"}],"about":[{"href":"https:\/\/www.egemtv.com\/index.php?rest_route=\/wp\/v2\/types\/post"}],"author":[{"embeddable":true,"href":"https:\/\/www.egemtv.com\/index.php?rest_route=\/wp\/v2\/users\/1"}],"replies":[{"embeddable":true,"href":"https:\/\/www.egemtv.com\/index.php?rest_route=%2Fwp%2Fv2%2Fcomments&post=42211"}],"version-history":[{"count":1,"href":"https:\/\/www.egemtv.com\/index.php?rest_route=\/wp\/v2\/posts\/42211\/revisions"}],"predecessor-version":[{"id":42213,"href":"https:\/\/www.egemtv.com\/index.php?rest_route=\/wp\/v2\/posts\/42211\/revisions\/42213"}],"wp:featuredmedia":[{"embeddable":true,"href":"https:\/\/www.egemtv.com\/index.php?rest_route=\/wp\/v2\/media\/42212"}],"wp:attachment":[{"href":"https:\/\/www.egemtv.com\/index.php?rest_route=%2Fwp%2Fv2%2Fmedia&parent=42211"}],"wp:term":[{"taxonomy":"category","embeddable":true,"href":"https:\/\/www.egemtv.com\/index.php?rest_route=%2Fwp%2Fv2%2Fcategories&post=42211"},{"taxonomy":"post_tag","embeddable":true,"href":"https:\/\/www.egemtv.com\/index.php?rest_route=%2Fwp%2Fv2%2Ftags&post=42211"}],"curies":[{"name":"wp","href":"https:\/\/api.w.org\/{rel}","templated":true}]}}