{"id":42208,"date":"2025-07-15T16:16:53","date_gmt":"2025-07-15T13:16:53","guid":{"rendered":"https:\/\/www.egemtv.com\/?p=42208"},"modified":"2025-07-15T16:16:58","modified_gmt":"2025-07-15T13:16:58","slug":"hasat-oncesi-salatalik-pestisit-kontrolu-yapildi","status":"publish","type":"post","link":"https:\/\/www.egemtv.com\/?p=42208","title":{"rendered":"Hasat \u00f6ncesi salatal\u0131k pestisit kontrol\u00fc yap\u0131ld\u0131"},"content":{"rendered":"<p>Ayd\u0131n\u2019\u0131n Didim il\u00e7esinde sahaya inen il\u00e7e tar\u0131m ekipleri, pestisit kontrol\u00fc i\u00e7in hasat \u00f6ncesinde salatal\u0131klardan numune ald\u0131.<br \/>\n<br \/>T\u00fcrkiye\u2019nin tar\u0131m kentlerinden birisi olan Ayd\u0131n\u2019da, \u00fcreticilerinin hasat hareketlili\u011fi s\u00fcrerken, \u0130l\u00e7e Tar\u0131m ve Orman M\u00fcd\u00fcrl\u00fc\u011f\u00fc ekipleri de tarlalardaki kontrollerine devam ediyor. Bu \u00e7er\u00e7evede sahaya inen il\u00e7e tar\u0131m ekipleri, hasat \u00f6ncesi pestisit kal\u0131nt\u0131 kontrol\u00fc i\u00e7in salatal\u0131klardan numune al\u0131m\u0131 ger\u00e7ekle\u015ftirdi. Yap\u0131lan kontrollerle hem insan sa\u011fl\u0131\u011f\u0131n\u0131 korumak hem de ihracat kalitesini art\u0131rmak hedeflenirken, numune al\u0131mlar\u0131n\u0131n yan\u0131 s\u0131ra \u00fcr\u00fcn kalitesini de inceleyen ekipler, \u00fcreticilere de bilgilendirmelerde bulundu. \u00c7al\u0131\u015fmalar\u0131n aral\u0131ks\u0131z s\u00fcrece\u011fi \u00f6\u011frenildi. Konu ile ilgili Didim \u0130l\u00e7e Tar\u0131m ve Orman M\u00fcd\u00fcrl\u00fc\u011f\u00fc\u2019nden yap\u0131lan a\u00e7\u0131klamada &#8220;Bakanl\u0131\u011f\u0131m\u0131z talimatlar\u0131 do\u011frultusunda hasat \u00f6ncesi pestisit denetimleri kapsam\u0131nda \u00fcreticilerimizden analize g\u00f6ndermek i\u00e7in numune al\u0131m\u0131 ve bilgilendirme \u00e7al\u0131\u015fmalar\u0131 yap\u0131lm\u0131\u015ft\u0131r&#8221; ifadeleri yer ald\u0131.<br \/><\/p>\n","protected":false},"excerpt":{"rendered":"<p>Ayd\u0131n\u2019\u0131n Didim il\u00e7esinde sahaya inen il\u00e7e tar\u0131m ekipleri, pestisit kontrol\u00fc i\u00e7in hasat \u00f6ncesinde salatal\u0131klardan numune ald\u0131. T\u00fcrkiye\u2019nin tar\u0131m kentlerinden birisi olan Ayd\u0131n\u2019da, \u00fcreticilerinin hasat hareketlili\u011fi s\u00fcrerken, \u0130l\u00e7e Tar\u0131m ve Orman M\u00fcd\u00fcrl\u00fc\u011f\u00fc ekipleri de tarlalardaki kontrollerine devam ediyor. Bu \u00e7er\u00e7evede sahaya inen il\u00e7e tar\u0131m ekipleri, hasat \u00f6ncesi pestisit kal\u0131nt\u0131 kontrol\u00fc i\u00e7in salatal\u0131klardan numune al\u0131m\u0131 ger\u00e7ekle\u015ftirdi. Yap\u0131lan&#8230;<\/p>\n","protected":false},"author":1,"featured_media":42209,"comment_status":"open","ping_status":"open","sticky":false,"template":"","format":"standard","meta":{"_crdt_document":"","footnotes":""},"categories":[1],"tags":[],"class_list":["post-42208","post","type-post","status-publish","format-standard","has-post-thumbnail","hentry","category-guncel"],"_links":{"self":[{"href":"https:\/\/www.egemtv.com\/index.php?rest_route=\/wp\/v2\/posts\/42208","targetHints":{"allow":["GET"]}}],"collection":[{"href":"https:\/\/www.egemtv.com\/index.php?rest_route=\/wp\/v2\/posts"}],"about":[{"href":"https:\/\/www.egemtv.com\/index.php?rest_route=\/wp\/v2\/types\/post"}],"author":[{"embeddable":true,"href":"https:\/\/www.egemtv.com\/index.php?rest_route=\/wp\/v2\/users\/1"}],"replies":[{"embeddable":true,"href":"https:\/\/www.egemtv.com\/index.php?rest_route=%2Fwp%2Fv2%2Fcomments&post=42208"}],"version-history":[{"count":1,"href":"https:\/\/www.egemtv.com\/index.php?rest_route=\/wp\/v2\/posts\/42208\/revisions"}],"predecessor-version":[{"id":42210,"href":"https:\/\/www.egemtv.com\/index.php?rest_route=\/wp\/v2\/posts\/42208\/revisions\/42210"}],"wp:featuredmedia":[{"embeddable":true,"href":"https:\/\/www.egemtv.com\/index.php?rest_route=\/wp\/v2\/media\/42209"}],"wp:attachment":[{"href":"https:\/\/www.egemtv.com\/index.php?rest_route=%2Fwp%2Fv2%2Fmedia&parent=42208"}],"wp:term":[{"taxonomy":"category","embeddable":true,"href":"https:\/\/www.egemtv.com\/index.php?rest_route=%2Fwp%2Fv2%2Fcategories&post=42208"},{"taxonomy":"post_tag","embeddable":true,"href":"https:\/\/www.egemtv.com\/index.php?rest_route=%2Fwp%2Fv2%2Ftags&post=42208"}],"curies":[{"name":"wp","href":"https:\/\/api.w.org\/{rel}","templated":true}]}}