{"id":42205,"date":"2025-07-15T16:16:49","date_gmt":"2025-07-15T13:16:49","guid":{"rendered":"https:\/\/www.egemtv.com\/?p=42205"},"modified":"2025-07-15T16:16:53","modified_gmt":"2025-07-15T13:16:53","slug":"kulada-15-temmuz-sehitleri-dualarla-anildi","status":"publish","type":"post","link":"https:\/\/www.egemtv.com\/?p=42205","title":{"rendered":"Kula\u2019da 15 Temmuz \u015eehitleri dualarla an\u0131ld\u0131"},"content":{"rendered":"<p>15 Temmuz Demokrasi ve Milli Birlik G\u00fcn\u00fc kapsam\u0131nda Kula\u2019da d\u00fczenlenen anma programlar\u0131 \u00e7er\u00e7evesinde, Kula \u00c7ar\u015f\u0131 Camii\u2019nde \u015fehitler i\u00e7in Mevlid-i \u015eerif okundu. Programa Kula Kaymakam\u0131 Talha Altunta\u015f, il\u00e7e protokol\u00fc, kamu kurum ve kurulu\u015flar\u0131n\u0131n temsilcileri ile \u00e7ok say\u0131da vatanda\u015f kat\u0131ld\u0131.<br \/>\n<br \/>Cemaatin yo\u011fun ilgi g\u00f6sterdi\u011fi etkinlikte, 15 Temmuz ba\u015fta olmak \u00fczere t\u00fcm \u015fehitler i\u00e7in dualar edildi. Cami i\u00e7erisinde ve avlusunda toplanan vatanda\u015flar, duygu dolu anlar ya\u015fad\u0131. Program sonunda Kula Kaymakam\u0131 Talha Altunta\u015f, vatanda\u015flarla k\u0131sa s\u00fcre sohbet ederek, g\u00f6sterilen duyarl\u0131l\u0131ktan dolay\u0131 te\u015fekk\u00fcr etti. \u0130l\u00e7e protokol \u00fcyeleri de halkla birlikte dua ederek birlik ve beraberlik mesaj\u0131 verdi. Namaz\u0131n ard\u0131ndan Kula M\u00fcft\u00fcl\u00fc\u011f\u00fc taraf\u0131ndan cami \u00e7\u0131k\u0131\u015f\u0131nda vatanda\u015flara \u00e7e\u015fitli ikramlarda bulunuldu.<br \/>\n<br \/>Kula Kaymakam\u0131 Talha Altunta\u015f yapt\u0131\u011f\u0131 a\u00e7\u0131klamada, &#8220;15 Temmuz, milletimizin kararl\u0131l\u0131\u011f\u0131yla tarihe alt\u0131n harflerle yaz\u0131lm\u0131\u015f bir destand\u0131r. O gece canlar\u0131n\u0131 vatan u\u011fruna feda eden aziz \u015fehitlerimizi rahmetle, kahraman gazilerimizi minnetle an\u0131yoruz. Birlik ve beraberli\u011fimizi bozmaya kimsenin g\u00fcc\u00fc yetmeyecektir.&#8221; ifadelerini kulland\u0131.<br \/>\n<br \/>15 Temmuz etkinlikleri g\u00fcn boyunca il\u00e7ede farkl\u0131 programlarla devam edecek.<br \/><\/p>\n","protected":false},"excerpt":{"rendered":"<p>15 Temmuz Demokrasi ve Milli Birlik G\u00fcn\u00fc kapsam\u0131nda Kula\u2019da d\u00fczenlenen anma programlar\u0131 \u00e7er\u00e7evesinde, Kula \u00c7ar\u015f\u0131 Camii\u2019nde \u015fehitler i\u00e7in Mevlid-i \u015eerif okundu. Programa Kula Kaymakam\u0131 Talha Altunta\u015f, il\u00e7e protokol\u00fc, kamu kurum ve kurulu\u015flar\u0131n\u0131n temsilcileri ile \u00e7ok say\u0131da vatanda\u015f kat\u0131ld\u0131. Cemaatin yo\u011fun ilgi g\u00f6sterdi\u011fi etkinlikte, 15 Temmuz ba\u015fta olmak \u00fczere t\u00fcm \u015fehitler i\u00e7in dualar edildi. Cami i\u00e7erisinde&#8230;<\/p>\n","protected":false},"author":1,"featured_media":42206,"comment_status":"open","ping_status":"open","sticky":false,"template":"","format":"standard","meta":{"_crdt_document":"","footnotes":""},"categories":[1],"tags":[],"class_list":["post-42205","post","type-post","status-publish","format-standard","has-post-thumbnail","hentry","category-guncel"],"_links":{"self":[{"href":"https:\/\/www.egemtv.com\/index.php?rest_route=\/wp\/v2\/posts\/42205","targetHints":{"allow":["GET"]}}],"collection":[{"href":"https:\/\/www.egemtv.com\/index.php?rest_route=\/wp\/v2\/posts"}],"about":[{"href":"https:\/\/www.egemtv.com\/index.php?rest_route=\/wp\/v2\/types\/post"}],"author":[{"embeddable":true,"href":"https:\/\/www.egemtv.com\/index.php?rest_route=\/wp\/v2\/users\/1"}],"replies":[{"embeddable":true,"href":"https:\/\/www.egemtv.com\/index.php?rest_route=%2Fwp%2Fv2%2Fcomments&post=42205"}],"version-history":[{"count":1,"href":"https:\/\/www.egemtv.com\/index.php?rest_route=\/wp\/v2\/posts\/42205\/revisions"}],"predecessor-version":[{"id":42207,"href":"https:\/\/www.egemtv.com\/index.php?rest_route=\/wp\/v2\/posts\/42205\/revisions\/42207"}],"wp:featuredmedia":[{"embeddable":true,"href":"https:\/\/www.egemtv.com\/index.php?rest_route=\/wp\/v2\/media\/42206"}],"wp:attachment":[{"href":"https:\/\/www.egemtv.com\/index.php?rest_route=%2Fwp%2Fv2%2Fmedia&parent=42205"}],"wp:term":[{"taxonomy":"category","embeddable":true,"href":"https:\/\/www.egemtv.com\/index.php?rest_route=%2Fwp%2Fv2%2Fcategories&post=42205"},{"taxonomy":"post_tag","embeddable":true,"href":"https:\/\/www.egemtv.com\/index.php?rest_route=%2Fwp%2Fv2%2Ftags&post=42205"}],"curies":[{"name":"wp","href":"https:\/\/api.w.org\/{rel}","templated":true}]}}