{"id":42202,"date":"2025-07-15T16:16:44","date_gmt":"2025-07-15T13:16:44","guid":{"rendered":"https:\/\/www.egemtv.com\/?p=42202"},"modified":"2025-07-15T16:16:48","modified_gmt":"2025-07-15T13:16:48","slug":"ispartada-iki-otomobil-kavsakta-carpisti-3-yarali","status":"publish","type":"post","link":"https:\/\/www.egemtv.com\/?p=42202","title":{"rendered":"Isparta\u2019da iki otomobil kav\u015fakta \u00e7arp\u0131\u015ft\u0131: 3 yaral\u0131"},"content":{"rendered":"<p>Isparta\u2019n\u0131n \u015earkikaraa\u011fa\u00e7 il\u00e7esinde kav\u015fakta iki otomobilin \u00e7arp\u0131\u015fmas\u0131 sonucu meydana gelen trafik kazas\u0131nda 3 ki\u015fi yaraland\u0131. Yaral\u0131lar hastaneye kald\u0131r\u0131l\u0131rken, sa\u011fl\u0131k durumlar\u0131n\u0131n iyi oldu\u011fu \u00f6\u011frenildi.<br \/>\n<br \/>Kaza, saat 12.30 s\u0131ralar\u0131nda \u015earkikaraa\u011fa\u00e7 il\u00e7esi Isparta-Konya Karayolu \u00fczerindeki 101. \u00c7evreyolu Caddesi Murayba\u011f\u0131 kav\u015fa\u011f\u0131nda meydana geldi. Edinilen bilgilere g\u00f6re, Ali \u00c7. idaresindeki 32 SF 029 plakal\u0131 otomobil ile \u015eakir P. y\u00f6netimindeki 32 ADJ 280 plakal\u0131 hafif ticari ara\u00e7 kav\u015fakta \u00e7arp\u0131\u015ft\u0131. \u00c7arp\u0131\u015fman\u0131n etkisiyle 32 SF 029 plakal\u0131 otomobilin s\u00fcr\u00fcc\u00fcs\u00fc Ali \u00c7. ile ara\u00e7ta yolcu olarak bulunan Pembe \u015e. (39) ve di\u011fer arac\u0131n s\u00fcr\u00fcc\u00fcs\u00fc \u015eakir P. yaraland\u0131. Kazay\u0131 g\u00f6renlerin 112 Acil \u00c7a\u011fr\u0131 Merkezine ihbar\u0131 \u00fczerine olay yerine polis ve sa\u011fl\u0131k ekipleri sevk edildi. Sa\u011fl\u0131k ekiplerinin ilk m\u00fcdahalesinin ard\u0131ndan yaral\u0131lar ambulanslarla hastaneye kald\u0131r\u0131ld\u0131. Yaral\u0131lar\u0131n sa\u011fl\u0131k durumlar\u0131n\u0131n iyi oldu\u011fu \u00f6\u011frenilirken, kazayla ilgili inceleme ba\u015flat\u0131ld\u0131.<br \/><\/p>\n","protected":false},"excerpt":{"rendered":"<p>Isparta\u2019n\u0131n \u015earkikaraa\u011fa\u00e7 il\u00e7esinde kav\u015fakta iki otomobilin \u00e7arp\u0131\u015fmas\u0131 sonucu meydana gelen trafik kazas\u0131nda 3 ki\u015fi yaraland\u0131. Yaral\u0131lar hastaneye kald\u0131r\u0131l\u0131rken, sa\u011fl\u0131k durumlar\u0131n\u0131n iyi oldu\u011fu \u00f6\u011frenildi. Kaza, saat 12.30 s\u0131ralar\u0131nda \u015earkikaraa\u011fa\u00e7 il\u00e7esi Isparta-Konya Karayolu \u00fczerindeki 101. \u00c7evreyolu Caddesi Murayba\u011f\u0131 kav\u015fa\u011f\u0131nda meydana geldi. Edinilen bilgilere g\u00f6re, Ali \u00c7. idaresindeki 32 SF 029 plakal\u0131 otomobil ile \u015eakir P. y\u00f6netimindeki 32&#8230;<\/p>\n","protected":false},"author":1,"featured_media":42203,"comment_status":"open","ping_status":"open","sticky":false,"template":"","format":"standard","meta":{"_crdt_document":"","footnotes":""},"categories":[5],"tags":[],"class_list":["post-42202","post","type-post","status-publish","format-standard","has-post-thumbnail","hentry","category-asayis"],"_links":{"self":[{"href":"https:\/\/www.egemtv.com\/index.php?rest_route=\/wp\/v2\/posts\/42202","targetHints":{"allow":["GET"]}}],"collection":[{"href":"https:\/\/www.egemtv.com\/index.php?rest_route=\/wp\/v2\/posts"}],"about":[{"href":"https:\/\/www.egemtv.com\/index.php?rest_route=\/wp\/v2\/types\/post"}],"author":[{"embeddable":true,"href":"https:\/\/www.egemtv.com\/index.php?rest_route=\/wp\/v2\/users\/1"}],"replies":[{"embeddable":true,"href":"https:\/\/www.egemtv.com\/index.php?rest_route=%2Fwp%2Fv2%2Fcomments&post=42202"}],"version-history":[{"count":1,"href":"https:\/\/www.egemtv.com\/index.php?rest_route=\/wp\/v2\/posts\/42202\/revisions"}],"predecessor-version":[{"id":42204,"href":"https:\/\/www.egemtv.com\/index.php?rest_route=\/wp\/v2\/posts\/42202\/revisions\/42204"}],"wp:featuredmedia":[{"embeddable":true,"href":"https:\/\/www.egemtv.com\/index.php?rest_route=\/wp\/v2\/media\/42203"}],"wp:attachment":[{"href":"https:\/\/www.egemtv.com\/index.php?rest_route=%2Fwp%2Fv2%2Fmedia&parent=42202"}],"wp:term":[{"taxonomy":"category","embeddable":true,"href":"https:\/\/www.egemtv.com\/index.php?rest_route=%2Fwp%2Fv2%2Fcategories&post=42202"},{"taxonomy":"post_tag","embeddable":true,"href":"https:\/\/www.egemtv.com\/index.php?rest_route=%2Fwp%2Fv2%2Ftags&post=42202"}],"curies":[{"name":"wp","href":"https:\/\/api.w.org\/{rel}","templated":true}]}}