{"id":42199,"date":"2025-07-15T16:16:39","date_gmt":"2025-07-15T13:16:39","guid":{"rendered":"https:\/\/www.egemtv.com\/?p=42199"},"modified":"2025-07-15T16:16:44","modified_gmt":"2025-07-15T13:16:44","slug":"yagmur-nedeniyle-kayganlasan-yolda-minibus-devrildi-1i-agir-9-kisi-yaralandi","status":"publish","type":"post","link":"https:\/\/www.egemtv.com\/?p=42199","title":{"rendered":"Ya\u011fmur nedeniyle kayganla\u015fan yolda minib\u00fcs devrildi: 1\u2019i a\u011f\u0131r 9 ki\u015fi yaraland\u0131"},"content":{"rendered":"<p>Isparta\u2019n\u0131n E\u011firdir il\u00e7esinde ya\u011f\u0131\u015f nedeniyle kayganla\u015fan yolda kontrolden \u00e7\u0131kan minib\u00fcs\u00fcn takla atmas\u0131 sonucu meydana gelen kazada 1\u2019i a\u011f\u0131r olmak \u00fczere toplam 9 ki\u015fi yaraland\u0131.<br \/>\n<br \/>Kaza, bug\u00fcn saat 14.30 s\u0131ralar\u0131nda Isparta E\u011firdir-Konya Karayolu \u00fczerindeki Kemik Eklem Hastal\u0131klar\u0131 Tedavi ve Rehabilitasyon Hastanesi \u00f6n\u00fcnde meydana geldi. Edinilen bilgilere g\u00f6re, \u0130smail \u00c7. idaresindeki 63 AED 388 plakal\u0131 minib\u00fcs, ya\u011f\u0131\u015f nedeniyle kayganla\u015fan yolda s\u00fcr\u00fcc\u00fcs\u00fcn\u00fcn kontrol\u00fcnden \u00e7\u0131karak \u00f6nce ref\u00fcje \u00e7arpt\u0131 ve ard\u0131ndan takla att\u0131. \u00c7arpman\u0131n etkisiyle ara\u00e7 ters d\u00f6nerken, s\u00fcr\u00fcc\u00fc \u0130smail \u00c7. ile ara\u00e7ta yolcu olarak bulunan Rabia D., Ay\u015fe G\u00fcl K., Tahir D., Y\u0131ld\u0131z \u00c7., Hatice \u00c7., Nuri \u00c7., Elif \u00c7. ve Esma Nur \u00c7. yaraland\u0131. Kazay\u0131 g\u00f6ren vatanda\u015flar\u0131n ihbar\u0131 \u00fczerine olay yerine sa\u011fl\u0131k, itfaiye ve polis ekipleri sevk edildi. Olay yerinde yap\u0131lan ilk m\u00fcdahalenin ard\u0131ndan yaral\u0131lar ambulanslarla E\u011firdir ve Isparta\u2019daki hastanelere kald\u0131r\u0131ld\u0131. Yaral\u0131lardan Rabia D.\u2019nin sa\u011fl\u0131k durumunun a\u011f\u0131r oldu\u011fu ve Isparta \u015eehir Hastanesi\u2019ne sevk edildi\u011fi \u00f6\u011frenildi. Kazayla ilgili inceleme ba\u015flat\u0131ld\u0131.<br \/><\/p>\n","protected":false},"excerpt":{"rendered":"<p>Isparta\u2019n\u0131n E\u011firdir il\u00e7esinde ya\u011f\u0131\u015f nedeniyle kayganla\u015fan yolda kontrolden \u00e7\u0131kan minib\u00fcs\u00fcn takla atmas\u0131 sonucu meydana gelen kazada 1\u2019i a\u011f\u0131r olmak \u00fczere toplam 9 ki\u015fi yaraland\u0131. Kaza, bug\u00fcn saat 14.30 s\u0131ralar\u0131nda Isparta E\u011firdir-Konya Karayolu \u00fczerindeki Kemik Eklem Hastal\u0131klar\u0131 Tedavi ve Rehabilitasyon Hastanesi \u00f6n\u00fcnde meydana geldi. Edinilen bilgilere g\u00f6re, \u0130smail \u00c7. idaresindeki 63 AED 388 plakal\u0131 minib\u00fcs, ya\u011f\u0131\u015f&#8230;<\/p>\n","protected":false},"author":1,"featured_media":42200,"comment_status":"open","ping_status":"open","sticky":false,"template":"","format":"standard","meta":{"_crdt_document":"","footnotes":""},"categories":[5],"tags":[],"class_list":["post-42199","post","type-post","status-publish","format-standard","has-post-thumbnail","hentry","category-asayis"],"_links":{"self":[{"href":"https:\/\/www.egemtv.com\/index.php?rest_route=\/wp\/v2\/posts\/42199","targetHints":{"allow":["GET"]}}],"collection":[{"href":"https:\/\/www.egemtv.com\/index.php?rest_route=\/wp\/v2\/posts"}],"about":[{"href":"https:\/\/www.egemtv.com\/index.php?rest_route=\/wp\/v2\/types\/post"}],"author":[{"embeddable":true,"href":"https:\/\/www.egemtv.com\/index.php?rest_route=\/wp\/v2\/users\/1"}],"replies":[{"embeddable":true,"href":"https:\/\/www.egemtv.com\/index.php?rest_route=%2Fwp%2Fv2%2Fcomments&post=42199"}],"version-history":[{"count":1,"href":"https:\/\/www.egemtv.com\/index.php?rest_route=\/wp\/v2\/posts\/42199\/revisions"}],"predecessor-version":[{"id":42201,"href":"https:\/\/www.egemtv.com\/index.php?rest_route=\/wp\/v2\/posts\/42199\/revisions\/42201"}],"wp:featuredmedia":[{"embeddable":true,"href":"https:\/\/www.egemtv.com\/index.php?rest_route=\/wp\/v2\/media\/42200"}],"wp:attachment":[{"href":"https:\/\/www.egemtv.com\/index.php?rest_route=%2Fwp%2Fv2%2Fmedia&parent=42199"}],"wp:term":[{"taxonomy":"category","embeddable":true,"href":"https:\/\/www.egemtv.com\/index.php?rest_route=%2Fwp%2Fv2%2Fcategories&post=42199"},{"taxonomy":"post_tag","embeddable":true,"href":"https:\/\/www.egemtv.com\/index.php?rest_route=%2Fwp%2Fv2%2Ftags&post=42199"}],"curies":[{"name":"wp","href":"https:\/\/api.w.org\/{rel}","templated":true}]}}