{"id":42196,"date":"2025-07-15T15:56:44","date_gmt":"2025-07-15T12:56:44","guid":{"rendered":"https:\/\/www.egemtv.com\/?p=42196"},"modified":"2025-07-15T15:56:48","modified_gmt":"2025-07-15T12:56:48","slug":"germencikte-gramaj-denetimi-yapildi","status":"publish","type":"post","link":"https:\/\/www.egemtv.com\/?p=42196","title":{"rendered":"Germencik\u2019te gramaj denetimi yap\u0131ld\u0131"},"content":{"rendered":"<p>Ayd\u0131n\u2019\u0131n Germencik il\u00e7esinde sahaya inen zab\u0131ta ekipleri, ekmek \u00fcretimi yapan f\u0131r\u0131nlarda gramaj denetimi ger\u00e7ekle\u015ftirildi.<br \/>\n<br \/>Germencik Belediyesi Zab\u0131ta M\u00fcd\u00fcrl\u00fc\u011f\u00fc ekipleri, vatanda\u015flar\u0131n sa\u011fl\u0131kl\u0131 ve adil hizmet alabilmesi amac\u0131yla il\u00e7edeki f\u0131r\u0131nlarda denetim yapt\u0131. Yap\u0131lan kontrollerde, sat\u0131\u015fa sunulan ekmeklerin belirlenen gramaj standartlar\u0131na uygun olup olmad\u0131\u011f\u0131 incelendi. Zab\u0131ta ekipleri taraf\u0131ndan y\u00fcr\u00fct\u00fclen denetimlerde hem hijyen \u015fartlar\u0131 hem de \u00fcr\u00fcn a\u011f\u0131rl\u0131klar\u0131 titizlikle kontrol edilirken, standart d\u0131\u015f\u0131 \u00fcretim yapan i\u015fletmelere gerekli uyar\u0131lar yap\u0131ld\u0131. Germencik Belediye Ba\u015fkan\u0131 Burak Zencirci, denetimlerin d\u00fczenli aral\u0131klarla devam edece\u011fini belirterek, halk sa\u011fl\u0131\u011f\u0131n\u0131 ve t\u00fcketici haklar\u0131n\u0131 koruma konusunda kararl\u0131 olduklar\u0131n\u0131 vurgulay\u0131p, &#8220;\u0130l\u00e7emiz genelinde f\u0131r\u0131nlar\u0131m\u0131zda d\u00fczenli denetim sa\u011fl\u0131yor, hijyen, gramaj gibi kriterlerde incelemelerimizi hassasiyetle ger\u00e7ekle\u015ftiriyoruz. Huzur ve sa\u011fl\u0131\u011f\u0131n\u0131z bizim i\u00e7in k\u0131ymetli&#8221; dedi.<br \/><\/p>\n","protected":false},"excerpt":{"rendered":"<p>Ayd\u0131n\u2019\u0131n Germencik il\u00e7esinde sahaya inen zab\u0131ta ekipleri, ekmek \u00fcretimi yapan f\u0131r\u0131nlarda gramaj denetimi ger\u00e7ekle\u015ftirildi. Germencik Belediyesi Zab\u0131ta M\u00fcd\u00fcrl\u00fc\u011f\u00fc ekipleri, vatanda\u015flar\u0131n sa\u011fl\u0131kl\u0131 ve adil hizmet alabilmesi amac\u0131yla il\u00e7edeki f\u0131r\u0131nlarda denetim yapt\u0131. Yap\u0131lan kontrollerde, sat\u0131\u015fa sunulan ekmeklerin belirlenen gramaj standartlar\u0131na uygun olup olmad\u0131\u011f\u0131 incelendi. Zab\u0131ta ekipleri taraf\u0131ndan y\u00fcr\u00fct\u00fclen denetimlerde hem hijyen \u015fartlar\u0131 hem de \u00fcr\u00fcn a\u011f\u0131rl\u0131klar\u0131 titizlikle&#8230;<\/p>\n","protected":false},"author":1,"featured_media":42197,"comment_status":"open","ping_status":"open","sticky":false,"template":"","format":"standard","meta":{"_crdt_document":"","footnotes":""},"categories":[1],"tags":[],"class_list":["post-42196","post","type-post","status-publish","format-standard","has-post-thumbnail","hentry","category-guncel"],"_links":{"self":[{"href":"https:\/\/www.egemtv.com\/index.php?rest_route=\/wp\/v2\/posts\/42196","targetHints":{"allow":["GET"]}}],"collection":[{"href":"https:\/\/www.egemtv.com\/index.php?rest_route=\/wp\/v2\/posts"}],"about":[{"href":"https:\/\/www.egemtv.com\/index.php?rest_route=\/wp\/v2\/types\/post"}],"author":[{"embeddable":true,"href":"https:\/\/www.egemtv.com\/index.php?rest_route=\/wp\/v2\/users\/1"}],"replies":[{"embeddable":true,"href":"https:\/\/www.egemtv.com\/index.php?rest_route=%2Fwp%2Fv2%2Fcomments&post=42196"}],"version-history":[{"count":1,"href":"https:\/\/www.egemtv.com\/index.php?rest_route=\/wp\/v2\/posts\/42196\/revisions"}],"predecessor-version":[{"id":42198,"href":"https:\/\/www.egemtv.com\/index.php?rest_route=\/wp\/v2\/posts\/42196\/revisions\/42198"}],"wp:featuredmedia":[{"embeddable":true,"href":"https:\/\/www.egemtv.com\/index.php?rest_route=\/wp\/v2\/media\/42197"}],"wp:attachment":[{"href":"https:\/\/www.egemtv.com\/index.php?rest_route=%2Fwp%2Fv2%2Fmedia&parent=42196"}],"wp:term":[{"taxonomy":"category","embeddable":true,"href":"https:\/\/www.egemtv.com\/index.php?rest_route=%2Fwp%2Fv2%2Fcategories&post=42196"},{"taxonomy":"post_tag","embeddable":true,"href":"https:\/\/www.egemtv.com\/index.php?rest_route=%2Fwp%2Fv2%2Ftags&post=42196"}],"curies":[{"name":"wp","href":"https:\/\/api.w.org\/{rel}","templated":true}]}}