{"id":42193,"date":"2025-07-15T15:56:38","date_gmt":"2025-07-15T12:56:38","guid":{"rendered":"https:\/\/www.egemtv.com\/?p=42193"},"modified":"2025-07-15T15:56:43","modified_gmt":"2025-07-15T12:56:43","slug":"bereketli-kuran-kursu-ogrencilerinden-anlamli-ziyaret","status":"publish","type":"post","link":"https:\/\/www.egemtv.com\/?p=42193","title":{"rendered":"Bereketli Kur\u2019an Kursu \u00f6\u011frencilerinden anlaml\u0131 ziyaret"},"content":{"rendered":"<p>Manisa\u2019n\u0131n Sar\u0131g\u00f6l il\u00e7esi Bereketli Camisi yaz Kur\u2019an kursu \u00f6\u011frencileri, cami imam hatibi Ali Arslan \u00f6nc\u00fcl\u00fc\u011f\u00fcnde \u015eehit Er Fevzi Teke\u015f\u2019i mezar\u0131 ba\u015f\u0131nda dualarla and\u0131, ard\u0131ndan K\u0131br\u0131s Gazisi H\u00fcseyin G\u00fcrb\u00fczer\u2019in e\u015fi Hatice G\u00fcrb\u00fczer\u2019i evinde ziyaret etti.<br \/>\n<br \/>15 Temmuz \u015eehitlerini Anma, Demokrasi ve Milli Birlik G\u00fcn\u00fc etkinlikleri kapsam\u0131nda Sar\u0131g\u00f6l il\u00e7esi Bereketli Camisi yaz Kur\u2019an kursu \u00f6\u011frencileri, cami imam hatibi Ali Arslan \u00f6nc\u00fcl\u00fc\u011f\u00fcnde ellerinde T\u00fcrk bayraklar\u0131yla \u015fehit mezar\u0131na gelerek, \u015fehit Fevzi Teke\u015f\u2019in annesi Rukiye Teke\u015f\u2019in ellerini \u00f6p\u00fcp \u00e7i\u00e7ek takdim etti. \u00d6\u011frenciler \u015fehidin kabri ba\u015f\u0131nda Kur\u2019an-\u0131 Kerim okuyup dua etti. \u015eehit annesi Rukiye Teke\u015f de \u00e7ocuklar\u0131 ba\u011fr\u0131na basarak te\u015fekk\u00fcr etti.<br \/>\n<br \/>\u00d6\u011frenciler daha sonra K\u0131br\u0131s Gazisi H\u00fcseyin G\u00fcrb\u00fczer\u2019in e\u015fi Hatice G\u00fcrb\u00fczer\u2019i evinde ziyaret etti. Burada da Kur\u2019an-\u0131 Kerim okuyup dua eden \u00f6\u011frenciler, \u00e7i\u00e7ek vererek G\u00fcrb\u00fczer ailesinin g\u00f6nl\u00fcn\u00fc ald\u0131.<br \/>\n<br \/>Etkinlik hakk\u0131nda a\u00e7\u0131klamalarda bulunan Bereketli Camisi \u0130mam Hatibi Ali Arslan, &#8220;Vatan sevgisi imandand\u0131r. Bu bir hadis-i \u015feriftir. \u00d6\u011frencilerimize k\u00fc\u00e7\u00fck ya\u015fta bu bilinci a\u015f\u0131lamak i\u00e7in her y\u0131l yaz Kur\u2019an kurslar\u0131m\u0131zda \u015fehit ve gazi ailelerine ziyaretlerimizi gelenek haline getirdik.&#8221; dedi.<br \/><\/p>\n","protected":false},"excerpt":{"rendered":"<p>Manisa\u2019n\u0131n Sar\u0131g\u00f6l il\u00e7esi Bereketli Camisi yaz Kur\u2019an kursu \u00f6\u011frencileri, cami imam hatibi Ali Arslan \u00f6nc\u00fcl\u00fc\u011f\u00fcnde \u015eehit Er Fevzi Teke\u015f\u2019i mezar\u0131 ba\u015f\u0131nda dualarla and\u0131, ard\u0131ndan K\u0131br\u0131s Gazisi H\u00fcseyin G\u00fcrb\u00fczer\u2019in e\u015fi Hatice G\u00fcrb\u00fczer\u2019i evinde ziyaret etti. 15 Temmuz \u015eehitlerini Anma, Demokrasi ve Milli Birlik G\u00fcn\u00fc etkinlikleri kapsam\u0131nda Sar\u0131g\u00f6l il\u00e7esi Bereketli Camisi yaz Kur\u2019an kursu \u00f6\u011frencileri, cami imam&#8230;<\/p>\n","protected":false},"author":1,"featured_media":42194,"comment_status":"open","ping_status":"open","sticky":false,"template":"","format":"standard","meta":{"_crdt_document":"","footnotes":""},"categories":[1],"tags":[],"class_list":["post-42193","post","type-post","status-publish","format-standard","has-post-thumbnail","hentry","category-guncel"],"_links":{"self":[{"href":"https:\/\/www.egemtv.com\/index.php?rest_route=\/wp\/v2\/posts\/42193","targetHints":{"allow":["GET"]}}],"collection":[{"href":"https:\/\/www.egemtv.com\/index.php?rest_route=\/wp\/v2\/posts"}],"about":[{"href":"https:\/\/www.egemtv.com\/index.php?rest_route=\/wp\/v2\/types\/post"}],"author":[{"embeddable":true,"href":"https:\/\/www.egemtv.com\/index.php?rest_route=\/wp\/v2\/users\/1"}],"replies":[{"embeddable":true,"href":"https:\/\/www.egemtv.com\/index.php?rest_route=%2Fwp%2Fv2%2Fcomments&post=42193"}],"version-history":[{"count":1,"href":"https:\/\/www.egemtv.com\/index.php?rest_route=\/wp\/v2\/posts\/42193\/revisions"}],"predecessor-version":[{"id":42195,"href":"https:\/\/www.egemtv.com\/index.php?rest_route=\/wp\/v2\/posts\/42193\/revisions\/42195"}],"wp:featuredmedia":[{"embeddable":true,"href":"https:\/\/www.egemtv.com\/index.php?rest_route=\/wp\/v2\/media\/42194"}],"wp:attachment":[{"href":"https:\/\/www.egemtv.com\/index.php?rest_route=%2Fwp%2Fv2%2Fmedia&parent=42193"}],"wp:term":[{"taxonomy":"category","embeddable":true,"href":"https:\/\/www.egemtv.com\/index.php?rest_route=%2Fwp%2Fv2%2Fcategories&post=42193"},{"taxonomy":"post_tag","embeddable":true,"href":"https:\/\/www.egemtv.com\/index.php?rest_route=%2Fwp%2Fv2%2Ftags&post=42193"}],"curies":[{"name":"wp","href":"https:\/\/api.w.org\/{rel}","templated":true}]}}