{"id":42190,"date":"2025-07-15T15:56:34","date_gmt":"2025-07-15T12:56:34","guid":{"rendered":"https:\/\/www.egemtv.com\/?p=42190"},"modified":"2025-07-15T15:56:38","modified_gmt":"2025-07-15T12:56:38","slug":"kutahya-valisi-musa-isin-sahipsiz-hayvanlarin-sorumlulugu-artik-valiliklerde","status":"publish","type":"post","link":"https:\/\/www.egemtv.com\/?p=42190","title":{"rendered":"K\u00fctahya Valisi Musa I\u015f\u0131n: &#8220;Sahipsiz hayvanlar\u0131n sorumlulu\u011fu art\u0131k valiliklerde&#8221;"},"content":{"rendered":"<p>K\u00fctahya Valisi Musa I\u015f\u0131n, sahipsiz hayvanlara y\u00f6nelik y\u00fcr\u00fct\u00fclen \u00e7al\u0131\u015fmalar hakk\u0131nda \u00f6nemli a\u00e7\u0131klamalarda bulundu. Vali I\u015f\u0131n, yak\u0131n zamanda Meclis\u2019ten ge\u00e7en ve yasala\u015fan d\u00fczenleme kapsam\u0131nda, sahipsiz hayvanlar\u0131n toplanmas\u0131, rehabilite edilmesi, beslenmesi, korunmas\u0131, a\u015f\u0131lanmas\u0131 ve k\u0131s\u0131rla\u015ft\u0131r\u0131lmas\u0131 gibi i\u015flemlerin art\u0131k valiliklerin sorumlulu\u011funa verildi\u011fini belirtti.<br \/>\n<br \/>Vali I\u015f\u0131n, &#8220;Say\u0131n Cumhurba\u015fkan\u0131m\u0131z\u0131n talimat\u0131yla bu konuda gerekli yasal d\u00fczenlemeler yap\u0131lm\u0131\u015f ve \u00c7al\u0131\u015fma ve Sosyal G\u00fcvenlik Bakanl\u0131\u011f\u0131m\u0131z taraf\u0131ndan valiliklere g\u00f6rev devri ger\u00e7ekle\u015fmi\u015ftir. Bu \u00e7er\u00e7evede, ilimizde Sahipsiz Hayvanlar\u0131 Koruma Birli\u011fi Ba\u015fkanl\u0131\u011f\u0131 bulunmaktad\u0131r. Belediyelerimiz ve \u00f6zel idarelerimiz bu birli\u011fin orta\u011f\u0131d\u0131r. Al\u0131nan kararla, mevcut bar\u0131naklar, personel ve ara\u00e7lar birlik \u00fczerinden y\u00f6netilecek \u015fekilde devral\u0131nacakt\u0131r. Art\u0131k sahipsiz hayvanlar\u0131n muhatab\u0131 valili\u011fimizdir&#8221; dedi.<br \/>\n<br \/>Vali I\u015f\u0131n, sahipsiz hayvanlara y\u00f6nelik y\u00fcr\u00fct\u00fclen altyap\u0131 \u00e7al\u0131\u015fmalar\u0131 hakk\u0131nda da bilgi verdi. K\u00fctahya \u015fehir merkezinde ve ba\u011fl\u0131 k\u00f6ylerde hizmet verecek bir bar\u0131na\u011f\u0131n tamamland\u0131\u011f\u0131n\u0131 belirten I\u015f\u0131n, Tav\u015fanl\u0131\u2019da 50 bin metrekarelik bir alan \u00fczerine kurulan bar\u0131na\u011f\u0131n ise bu ay sonuna kadar tamamlanaca\u011f\u0131n\u0131 a\u00e7\u0131klad\u0131.<br \/>\n<br \/>\u015eaphane\u2019de faaliyet g\u00f6steren mevcut bar\u0131na\u011f\u0131n Gediz, Simav ve \u00e7evresindeki k\u00f6y ve beldelere hizmet verdi\u011fini belirten Vali I\u015f\u0131n, Emet il\u00e7esinde de yeni bir bar\u0131nak in\u015faat\u0131n\u0131n devam etti\u011fini ve bu tesisin b\u00f6lgedeki kom\u015fu il\u00e7elere hizmet sa\u011flayaca\u011f\u0131n\u0131 s\u00f6yledi.<br \/><\/p>\n","protected":false},"excerpt":{"rendered":"<p>K\u00fctahya Valisi Musa I\u015f\u0131n, sahipsiz hayvanlara y\u00f6nelik y\u00fcr\u00fct\u00fclen \u00e7al\u0131\u015fmalar hakk\u0131nda \u00f6nemli a\u00e7\u0131klamalarda bulundu. Vali I\u015f\u0131n, yak\u0131n zamanda Meclis\u2019ten ge\u00e7en ve yasala\u015fan d\u00fczenleme kapsam\u0131nda, sahipsiz hayvanlar\u0131n toplanmas\u0131, rehabilite edilmesi, beslenmesi, korunmas\u0131, a\u015f\u0131lanmas\u0131 ve k\u0131s\u0131rla\u015ft\u0131r\u0131lmas\u0131 gibi i\u015flemlerin art\u0131k valiliklerin sorumlulu\u011funa verildi\u011fini belirtti. Vali I\u015f\u0131n, &#8220;Say\u0131n Cumhurba\u015fkan\u0131m\u0131z\u0131n talimat\u0131yla bu konuda gerekli yasal d\u00fczenlemeler yap\u0131lm\u0131\u015f ve \u00c7al\u0131\u015fma ve Sosyal&#8230;<\/p>\n","protected":false},"author":1,"featured_media":42191,"comment_status":"open","ping_status":"open","sticky":false,"template":"","format":"standard","meta":{"_crdt_document":"","footnotes":""},"categories":[123],"tags":[],"class_list":["post-42190","post","type-post","status-publish","format-standard","has-post-thumbnail","hentry","category-gundem"],"_links":{"self":[{"href":"https:\/\/www.egemtv.com\/index.php?rest_route=\/wp\/v2\/posts\/42190","targetHints":{"allow":["GET"]}}],"collection":[{"href":"https:\/\/www.egemtv.com\/index.php?rest_route=\/wp\/v2\/posts"}],"about":[{"href":"https:\/\/www.egemtv.com\/index.php?rest_route=\/wp\/v2\/types\/post"}],"author":[{"embeddable":true,"href":"https:\/\/www.egemtv.com\/index.php?rest_route=\/wp\/v2\/users\/1"}],"replies":[{"embeddable":true,"href":"https:\/\/www.egemtv.com\/index.php?rest_route=%2Fwp%2Fv2%2Fcomments&post=42190"}],"version-history":[{"count":1,"href":"https:\/\/www.egemtv.com\/index.php?rest_route=\/wp\/v2\/posts\/42190\/revisions"}],"predecessor-version":[{"id":42192,"href":"https:\/\/www.egemtv.com\/index.php?rest_route=\/wp\/v2\/posts\/42190\/revisions\/42192"}],"wp:featuredmedia":[{"embeddable":true,"href":"https:\/\/www.egemtv.com\/index.php?rest_route=\/wp\/v2\/media\/42191"}],"wp:attachment":[{"href":"https:\/\/www.egemtv.com\/index.php?rest_route=%2Fwp%2Fv2%2Fmedia&parent=42190"}],"wp:term":[{"taxonomy":"category","embeddable":true,"href":"https:\/\/www.egemtv.com\/index.php?rest_route=%2Fwp%2Fv2%2Fcategories&post=42190"},{"taxonomy":"post_tag","embeddable":true,"href":"https:\/\/www.egemtv.com\/index.php?rest_route=%2Fwp%2Fv2%2Ftags&post=42190"}],"curies":[{"name":"wp","href":"https:\/\/api.w.org\/{rel}","templated":true}]}}