{"id":42187,"date":"2025-07-15T15:56:30","date_gmt":"2025-07-15T12:56:30","guid":{"rendered":"https:\/\/www.egemtv.com\/?p=42187"},"modified":"2025-07-15T15:56:34","modified_gmt":"2025-07-15T12:56:34","slug":"gezi-teknesinde-dusen-personel-deniz-ambulasiyla-tahliye-edildi","status":"publish","type":"post","link":"https:\/\/www.egemtv.com\/?p=42187","title":{"rendered":"Gezi teknesinde d\u00fc\u015fen personel deniz ambulas\u0131yla tahliye edildi"},"content":{"rendered":"<p>Mu\u011fla\u2019n\u0131n Bodrum il\u00e7esinde g\u00fcnl\u00fck gezi teknesinde d\u00fc\u015ferek yaralanan tekne personeli, Bodrum Deniz Kurtarma Derne\u011fi ekipleri taraf\u0131ndan deniz ambulans\u0131 ile tahliye edildi.<\/p>\n<p>Edinilen bilgiye g\u00f6re \u00f6nceki g\u00fcn \u00f6\u011fle saatlerinde, Orak Adas\u0131 yak\u0131nlar\u0131nda demirde bulunan g\u00fcnl\u00fck tur teknesinde g\u00f6revli personel, pasarellan\u0131n k\u0131r\u0131lmas\u0131 ile dengesini kaybederek tekne i\u00e7ine d\u00fc\u015fme sonucu yaraland\u0131. Ya\u015fanan olay \u00fczerine tekne kaptan\u0131, Bodrum Deniz Kurtarma Derne\u011fi Acil Yard\u0131m Hatt\u0131\u2019n\u0131 arayarak yard\u0131m talebinde bulundu. Deniz Kurtarma Derne\u011fi ekibinin zaman\u0131nda b\u00f6lgeye ula\u015farak, deniz ambulans\u0131nda ger\u00e7ekle\u015ftirdi\u011fi t\u0131bbi destek sayesinde yaral\u0131 personel, Milta Bodrum Marina\u2019ya getirildi. Buradan haz\u0131r bekleyen 112 Acil Sa\u011fl\u0131k ekibine teslim edilen yaral\u0131 Bodrum\u2019daki hastanede tedavi alt\u0131na al\u0131nd\u0131.<br \/><\/p>\n","protected":false},"excerpt":{"rendered":"<p>Mu\u011fla\u2019n\u0131n Bodrum il\u00e7esinde g\u00fcnl\u00fck gezi teknesinde d\u00fc\u015ferek yaralanan tekne personeli, Bodrum Deniz Kurtarma Derne\u011fi ekipleri taraf\u0131ndan deniz ambulans\u0131 ile tahliye edildi. Edinilen bilgiye g\u00f6re \u00f6nceki g\u00fcn \u00f6\u011fle saatlerinde, Orak Adas\u0131 yak\u0131nlar\u0131nda demirde bulunan g\u00fcnl\u00fck tur teknesinde g\u00f6revli personel, pasarellan\u0131n k\u0131r\u0131lmas\u0131 ile dengesini kaybederek tekne i\u00e7ine d\u00fc\u015fme sonucu yaraland\u0131. Ya\u015fanan olay \u00fczerine tekne kaptan\u0131, Bodrum Deniz&#8230;<\/p>\n","protected":false},"author":1,"featured_media":42188,"comment_status":"open","ping_status":"open","sticky":false,"template":"","format":"standard","meta":{"_crdt_document":"","footnotes":""},"categories":[5],"tags":[],"class_list":["post-42187","post","type-post","status-publish","format-standard","has-post-thumbnail","hentry","category-asayis"],"_links":{"self":[{"href":"https:\/\/www.egemtv.com\/index.php?rest_route=\/wp\/v2\/posts\/42187","targetHints":{"allow":["GET"]}}],"collection":[{"href":"https:\/\/www.egemtv.com\/index.php?rest_route=\/wp\/v2\/posts"}],"about":[{"href":"https:\/\/www.egemtv.com\/index.php?rest_route=\/wp\/v2\/types\/post"}],"author":[{"embeddable":true,"href":"https:\/\/www.egemtv.com\/index.php?rest_route=\/wp\/v2\/users\/1"}],"replies":[{"embeddable":true,"href":"https:\/\/www.egemtv.com\/index.php?rest_route=%2Fwp%2Fv2%2Fcomments&post=42187"}],"version-history":[{"count":1,"href":"https:\/\/www.egemtv.com\/index.php?rest_route=\/wp\/v2\/posts\/42187\/revisions"}],"predecessor-version":[{"id":42189,"href":"https:\/\/www.egemtv.com\/index.php?rest_route=\/wp\/v2\/posts\/42187\/revisions\/42189"}],"wp:featuredmedia":[{"embeddable":true,"href":"https:\/\/www.egemtv.com\/index.php?rest_route=\/wp\/v2\/media\/42188"}],"wp:attachment":[{"href":"https:\/\/www.egemtv.com\/index.php?rest_route=%2Fwp%2Fv2%2Fmedia&parent=42187"}],"wp:term":[{"taxonomy":"category","embeddable":true,"href":"https:\/\/www.egemtv.com\/index.php?rest_route=%2Fwp%2Fv2%2Fcategories&post=42187"},{"taxonomy":"post_tag","embeddable":true,"href":"https:\/\/www.egemtv.com\/index.php?rest_route=%2Fwp%2Fv2%2Ftags&post=42187"}],"curies":[{"name":"wp","href":"https:\/\/api.w.org\/{rel}","templated":true}]}}