{"id":42184,"date":"2025-07-15T15:36:13","date_gmt":"2025-07-15T12:36:13","guid":{"rendered":"https:\/\/www.egemtv.com\/?p=42184"},"modified":"2025-07-15T15:36:18","modified_gmt":"2025-07-15T12:36:18","slug":"kibris-gazisine-askeri-torenle-veda","status":"publish","type":"post","link":"https:\/\/www.egemtv.com\/?p=42184","title":{"rendered":"K\u0131br\u0131s gazisine askeri t\u00f6renle veda"},"content":{"rendered":"<p>\u0130zmir\u2019in Torbal\u0131 il\u00e7esinde ya\u015fayan K\u0131br\u0131s Gazisi Duran Kara\u00e7oban (73) askeri t\u00f6renle son yolculu\u011funa u\u011furland\u0131.<br \/>\n<br \/>\u0130zmir\u2019in Torbal\u0131 il\u00e7esi \u00c7ayba\u015f\u0131 Mahallesi\u2019nde ya\u015fayan K\u0131br\u0131s Gazisi Duran Kara\u00e7oban, evinde bulundu\u011fu esnada aniden fenala\u015ft\u0131. Ev sakinleri taraf\u0131ndan haber verilmesiyle eve gelen sa\u011fl\u0131k ekipleri kalp masaj\u0131yla Duran Kara\u00e7oban\u2019\u0131 hayata d\u00f6nd\u00fcr\u00fcp Torbal\u0131 Devlet Hastanesi\u2019ne kald\u0131rd\u0131. Burada kalbi tekrar duran gaz\u0131 Kara\u00e7oban, yap\u0131lan t\u00fcm m\u00fcdahalelere ra\u011fmen kurtar\u0131lamad\u0131.<br \/>\n<br \/>K\u0131br\u0131s Bar\u0131\u015f Harekat\u0131\u2019nda g\u00f6rev alan Gazi Duran Kara\u00e7oban, Torbal\u0131 \u00c7ayba\u015f\u0131 Cami\u2019nde d\u00fczenlenen askeri t\u00f6renle \u00c7ayba\u015f\u0131 Mezarl\u0131\u011f\u0131\u2019na defnedildi. Cenazeye Torbal\u0131 Kaymakam\u0131 Adem \u00c7elik, Torbal\u0131 Belediye Ba\u015fkan\u0131 \u00d6v\u00fcn\u00e7 Demir, Torbal\u0131 Jandarma Karakol Komutan\u0131 Binba\u015f\u0131 Yusuf \u00d6zkan, siyasi parti il\u00e7e ba\u015fkanlar\u0131 ve \u00e7ok say\u0131da seveni kat\u0131ld\u0131. Gazi Duran Kara\u00e7oban\u2019\u0131n 4 \u00e7ocuk babas\u0131 oldu\u011fu \u00f6\u011frenildi.<br \/><\/p>\n","protected":false},"excerpt":{"rendered":"<p>\u0130zmir\u2019in Torbal\u0131 il\u00e7esinde ya\u015fayan K\u0131br\u0131s Gazisi Duran Kara\u00e7oban (73) askeri t\u00f6renle son yolculu\u011funa u\u011furland\u0131. \u0130zmir\u2019in Torbal\u0131 il\u00e7esi \u00c7ayba\u015f\u0131 Mahallesi\u2019nde ya\u015fayan K\u0131br\u0131s Gazisi Duran Kara\u00e7oban, evinde bulundu\u011fu esnada aniden fenala\u015ft\u0131. Ev sakinleri taraf\u0131ndan haber verilmesiyle eve gelen sa\u011fl\u0131k ekipleri kalp masaj\u0131yla Duran Kara\u00e7oban\u2019\u0131 hayata d\u00f6nd\u00fcr\u00fcp Torbal\u0131 Devlet Hastanesi\u2019ne kald\u0131rd\u0131. Burada kalbi tekrar duran gaz\u0131 Kara\u00e7oban, yap\u0131lan&#8230;<\/p>\n","protected":false},"author":1,"featured_media":42185,"comment_status":"open","ping_status":"open","sticky":false,"template":"","format":"standard","meta":{"_crdt_document":"","footnotes":""},"categories":[123],"tags":[],"class_list":["post-42184","post","type-post","status-publish","format-standard","has-post-thumbnail","hentry","category-gundem"],"_links":{"self":[{"href":"https:\/\/www.egemtv.com\/index.php?rest_route=\/wp\/v2\/posts\/42184","targetHints":{"allow":["GET"]}}],"collection":[{"href":"https:\/\/www.egemtv.com\/index.php?rest_route=\/wp\/v2\/posts"}],"about":[{"href":"https:\/\/www.egemtv.com\/index.php?rest_route=\/wp\/v2\/types\/post"}],"author":[{"embeddable":true,"href":"https:\/\/www.egemtv.com\/index.php?rest_route=\/wp\/v2\/users\/1"}],"replies":[{"embeddable":true,"href":"https:\/\/www.egemtv.com\/index.php?rest_route=%2Fwp%2Fv2%2Fcomments&post=42184"}],"version-history":[{"count":1,"href":"https:\/\/www.egemtv.com\/index.php?rest_route=\/wp\/v2\/posts\/42184\/revisions"}],"predecessor-version":[{"id":42186,"href":"https:\/\/www.egemtv.com\/index.php?rest_route=\/wp\/v2\/posts\/42184\/revisions\/42186"}],"wp:featuredmedia":[{"embeddable":true,"href":"https:\/\/www.egemtv.com\/index.php?rest_route=\/wp\/v2\/media\/42185"}],"wp:attachment":[{"href":"https:\/\/www.egemtv.com\/index.php?rest_route=%2Fwp%2Fv2%2Fmedia&parent=42184"}],"wp:term":[{"taxonomy":"category","embeddable":true,"href":"https:\/\/www.egemtv.com\/index.php?rest_route=%2Fwp%2Fv2%2Fcategories&post=42184"},{"taxonomy":"post_tag","embeddable":true,"href":"https:\/\/www.egemtv.com\/index.php?rest_route=%2Fwp%2Fv2%2Ftags&post=42184"}],"curies":[{"name":"wp","href":"https:\/\/api.w.org\/{rel}","templated":true}]}}