{"id":42181,"date":"2025-07-15T15:36:08","date_gmt":"2025-07-15T12:36:08","guid":{"rendered":"https:\/\/www.egemtv.com\/?p=42181"},"modified":"2025-07-15T15:36:13","modified_gmt":"2025-07-15T12:36:13","slug":"afyonkarahisarda-trafik-kazasi-1-olu-2-yarali","status":"publish","type":"post","link":"https:\/\/www.egemtv.com\/?p=42181","title":{"rendered":"Afyonkarahisar\u2019da trafik kazas\u0131, 1 \u00f6l\u00fc 2 yaral\u0131"},"content":{"rendered":"<p>Afyonkarahisar\u2019da bir otomobilin \u015farampole devrilmesi sonucu meydana gelen trafik kazas\u0131nda sonucu 1 ki\u015fi hayat\u0131n\u0131 kaybetti, 2 ki\u015fi ise yaraland\u0131.<br \/>\n<br \/>Kaza, Afyonkarahisar-Konya kara yolu Karaaslan kav\u015fa\u011f\u0131 yak\u0131nlar\u0131nda meydana geldi. M.A. (21) y\u00f6netimindeki 46 DH 775 plakal\u0131 otomobil, s\u00fcr\u00fcc\u00fcs\u00fcn\u00fcn direksiyon h\u00e2kimiyetini kaybetmesi sonucu yoldan \u00e7\u0131karak \u015farampole devrildi. Kazada s\u00fcr\u00fcc\u00fc M.A. ile ara\u00e7ta bulunan B.K.A. (23) ve H.A. (22) yaraland\u0131. Olay yerine sevk edilen sa\u011fl\u0131k, jandarma ve polis ekipleri, yaral\u0131lara ilk m\u00fcdahaleyi yapt\u0131ktan sonra onlar\u0131 Afyonkarahisar Devlet Hastanesi\u2019ne kald\u0131rd\u0131. A\u011f\u0131r yaralanan s\u00fcr\u00fcc\u00fc M.A, hastanede yap\u0131lan t\u00fcm m\u00fcdahalelere ra\u011fmen kurtar\u0131lamad\u0131. Di\u011fer yaral\u0131lar\u0131n tedavisi s\u00fcr\u00fcyor. Yetkililer kazayla ilgili soru\u015fturma ba\u015flatt\u0131.<br \/><\/p>\n","protected":false},"excerpt":{"rendered":"<p>Afyonkarahisar\u2019da bir otomobilin \u015farampole devrilmesi sonucu meydana gelen trafik kazas\u0131nda sonucu 1 ki\u015fi hayat\u0131n\u0131 kaybetti, 2 ki\u015fi ise yaraland\u0131. Kaza, Afyonkarahisar-Konya kara yolu Karaaslan kav\u015fa\u011f\u0131 yak\u0131nlar\u0131nda meydana geldi. M.A. (21) y\u00f6netimindeki 46 DH 775 plakal\u0131 otomobil, s\u00fcr\u00fcc\u00fcs\u00fcn\u00fcn direksiyon h\u00e2kimiyetini kaybetmesi sonucu yoldan \u00e7\u0131karak \u015farampole devrildi. Kazada s\u00fcr\u00fcc\u00fc M.A. ile ara\u00e7ta bulunan B.K.A. (23) ve H.A&#8230;.<\/p>\n","protected":false},"author":1,"featured_media":42182,"comment_status":"open","ping_status":"open","sticky":false,"template":"","format":"standard","meta":{"_crdt_document":"","footnotes":""},"categories":[5],"tags":[],"class_list":["post-42181","post","type-post","status-publish","format-standard","has-post-thumbnail","hentry","category-asayis"],"_links":{"self":[{"href":"https:\/\/www.egemtv.com\/index.php?rest_route=\/wp\/v2\/posts\/42181","targetHints":{"allow":["GET"]}}],"collection":[{"href":"https:\/\/www.egemtv.com\/index.php?rest_route=\/wp\/v2\/posts"}],"about":[{"href":"https:\/\/www.egemtv.com\/index.php?rest_route=\/wp\/v2\/types\/post"}],"author":[{"embeddable":true,"href":"https:\/\/www.egemtv.com\/index.php?rest_route=\/wp\/v2\/users\/1"}],"replies":[{"embeddable":true,"href":"https:\/\/www.egemtv.com\/index.php?rest_route=%2Fwp%2Fv2%2Fcomments&post=42181"}],"version-history":[{"count":1,"href":"https:\/\/www.egemtv.com\/index.php?rest_route=\/wp\/v2\/posts\/42181\/revisions"}],"predecessor-version":[{"id":42183,"href":"https:\/\/www.egemtv.com\/index.php?rest_route=\/wp\/v2\/posts\/42181\/revisions\/42183"}],"wp:featuredmedia":[{"embeddable":true,"href":"https:\/\/www.egemtv.com\/index.php?rest_route=\/wp\/v2\/media\/42182"}],"wp:attachment":[{"href":"https:\/\/www.egemtv.com\/index.php?rest_route=%2Fwp%2Fv2%2Fmedia&parent=42181"}],"wp:term":[{"taxonomy":"category","embeddable":true,"href":"https:\/\/www.egemtv.com\/index.php?rest_route=%2Fwp%2Fv2%2Fcategories&post=42181"},{"taxonomy":"post_tag","embeddable":true,"href":"https:\/\/www.egemtv.com\/index.php?rest_route=%2Fwp%2Fv2%2Ftags&post=42181"}],"curies":[{"name":"wp","href":"https:\/\/api.w.org\/{rel}","templated":true}]}}