{"id":42178,"date":"2025-07-15T15:00:15","date_gmt":"2025-07-15T12:00:15","guid":{"rendered":"https:\/\/www.egemtv.com\/?p=42178"},"modified":"2025-07-15T15:00:20","modified_gmt":"2025-07-15T12:00:20","slug":"15-temmuz-demokrasi-ve-sehitleri-anma-bisiklet-yarisi-sona-erdi","status":"publish","type":"post","link":"https:\/\/www.egemtv.com\/?p=42178","title":{"rendered":"15 Temmuz Demokrasi ve \u015eehitleri Anma Bisiklet Yar\u0131\u015f\u0131 sona erdi"},"content":{"rendered":"<p>Mu\u011fla\u2019da start\u0131 verilen bu y\u0131l 8\u2019inci kez d\u00fczenlenen 15 Temmuz Demokrasi ve \u015eehitleri Anma Bisiklet Yar\u0131\u015f\u0131 Marmaris\u2019te sona erdi.<\/p>\n<p>15 Temmuz Demokrasi ve Milli Birlik G\u00fcn\u00fc t\u00fcm \u00fclkede oldu\u011fu gibi Mu\u011fla\u2019da da \u00e7e\u015fitli etkinlikler ve programlarla devam ediyor. 15 Temmuz Demokrasi ve \u015eehitleri Anma Bisiklet Yar\u0131\u015f\u0131\u2019n\u0131n start\u0131n\u0131 Mu\u011fla Valisi \u0130dris Akb\u0131y\u0131k ve Mu\u011fla B\u00fcy\u00fck\u015fehir Belediye Ba\u015fkan\u0131 Ahmet Aras birlikte verdi. Bu y\u0131l 8\u2019inci kez d\u00fczenlenen ve 34 ilden 124 sporcunun 10 kategoride kat\u0131ld\u0131\u011f\u0131 yar\u0131\u015flar 62 kilometrelik etapla Marmaris\u2019te sona erdi. Yar\u0131\u015flar\u0131 Mustafa Tekin birinci, Yunus Emre Y\u0131lmaz ikinci, Adem Can Ate\u015f \u00fc\u00e7\u00fcnc\u00fc olarak tamamlad\u0131. Yar\u0131\u015f sonunda dereceye giren sporculara \u00f6d\u00fcllerini Marmaris Kaymakam\u0131 Nurullah Kaya ve beraberindeki protokol verdi.<br \/><\/p>\n","protected":false},"excerpt":{"rendered":"<p>Mu\u011fla\u2019da start\u0131 verilen bu y\u0131l 8\u2019inci kez d\u00fczenlenen 15 Temmuz Demokrasi ve \u015eehitleri Anma Bisiklet Yar\u0131\u015f\u0131 Marmaris\u2019te sona erdi. 15 Temmuz Demokrasi ve Milli Birlik G\u00fcn\u00fc t\u00fcm \u00fclkede oldu\u011fu gibi Mu\u011fla\u2019da da \u00e7e\u015fitli etkinlikler ve programlarla devam ediyor. 15 Temmuz Demokrasi ve \u015eehitleri Anma Bisiklet Yar\u0131\u015f\u0131\u2019n\u0131n start\u0131n\u0131 Mu\u011fla Valisi \u0130dris Akb\u0131y\u0131k ve Mu\u011fla B\u00fcy\u00fck\u015fehir Belediye&#8230;<\/p>\n","protected":false},"author":1,"featured_media":42179,"comment_status":"open","ping_status":"open","sticky":false,"template":"","format":"standard","meta":{"_crdt_document":"","footnotes":""},"categories":[4],"tags":[],"class_list":["post-42178","post","type-post","status-publish","format-standard","has-post-thumbnail","hentry","category-spor"],"_links":{"self":[{"href":"https:\/\/www.egemtv.com\/index.php?rest_route=\/wp\/v2\/posts\/42178","targetHints":{"allow":["GET"]}}],"collection":[{"href":"https:\/\/www.egemtv.com\/index.php?rest_route=\/wp\/v2\/posts"}],"about":[{"href":"https:\/\/www.egemtv.com\/index.php?rest_route=\/wp\/v2\/types\/post"}],"author":[{"embeddable":true,"href":"https:\/\/www.egemtv.com\/index.php?rest_route=\/wp\/v2\/users\/1"}],"replies":[{"embeddable":true,"href":"https:\/\/www.egemtv.com\/index.php?rest_route=%2Fwp%2Fv2%2Fcomments&post=42178"}],"version-history":[{"count":1,"href":"https:\/\/www.egemtv.com\/index.php?rest_route=\/wp\/v2\/posts\/42178\/revisions"}],"predecessor-version":[{"id":42180,"href":"https:\/\/www.egemtv.com\/index.php?rest_route=\/wp\/v2\/posts\/42178\/revisions\/42180"}],"wp:featuredmedia":[{"embeddable":true,"href":"https:\/\/www.egemtv.com\/index.php?rest_route=\/wp\/v2\/media\/42179"}],"wp:attachment":[{"href":"https:\/\/www.egemtv.com\/index.php?rest_route=%2Fwp%2Fv2%2Fmedia&parent=42178"}],"wp:term":[{"taxonomy":"category","embeddable":true,"href":"https:\/\/www.egemtv.com\/index.php?rest_route=%2Fwp%2Fv2%2Fcategories&post=42178"},{"taxonomy":"post_tag","embeddable":true,"href":"https:\/\/www.egemtv.com\/index.php?rest_route=%2Fwp%2Fv2%2Ftags&post=42178"}],"curies":[{"name":"wp","href":"https:\/\/api.w.org\/{rel}","templated":true}]}}