{"id":42175,"date":"2025-07-15T14:36:47","date_gmt":"2025-07-15T11:36:47","guid":{"rendered":"https:\/\/www.egemtv.com\/?p=42175"},"modified":"2025-07-15T14:36:52","modified_gmt":"2025-07-15T11:36:52","slug":"manisada-15-temmuz-sehitleri-dualarla-anildi","status":"publish","type":"post","link":"https:\/\/www.egemtv.com\/?p=42175","title":{"rendered":"Manisa\u2019da 15 Temmuz \u015fehitleri dualarla an\u0131ld\u0131"},"content":{"rendered":"<p>FET\u00d6 Ter\u00f6r \u00d6rg\u00fct\u00fc\u2019n\u00fcn 15 Temmuz 2016 tarihinde T\u00fcrkiye\u2019nin milli birlik ve beraberli\u011fini hedef alan hain darbe giri\u015fiminin 9. y\u0131l\u0131nda, Manisa\u2019da ba\u015fta 15 Temmuz \u015fehitleri olmak \u00fczere t\u00fcm \u015fahitler an\u0131ld\u0131. Garnizon ve polis \u015fehitli\u011findeki t\u00f6renlerin ard\u0131ndan tarihi Hatuniye Camiinde mevlidi \u015ferif okundu.<br \/>\n<br \/>Manisa\u2019da 15 Temmuz \u015eehitlerini Anma, Demokrasi ve Milli Birlik G\u00fcn\u00fc etkinliklerinin ilki Garnizon \u015eehitli\u011finde ger\u00e7ekle\u015ftirildi. Garnizon \u015eehitli\u011fi\u2019nde d\u00fczenlenen anma program\u0131na Manisa Valisi Vahdettin \u00d6zkan, \u0130l Jandarma Komutan\u0131 Tu\u011fgeneral \u0130lhan \u015een, Manisa Celal Bayar \u00dcniversitesi Rekt\u00f6r\u00fc Prof. Dr. Rana Kibar, askeri erkan, daire m\u00fcd\u00fcrleri, STK temsilcileri ve \u015fehit yak\u0131nlar\u0131 kat\u0131ld\u0131.<br \/>\n<br \/>Hatuniye Cami \u0130mam Hatiplerinden Adem Karaku\u015f\u2019un Kur\u2019an-\u0131 Kerim okudu\u011fu programda \u0130l M\u00fcft\u00fcs\u00fc \u015e\u00fckr\u00fc Kabuk\u00e7u taraf\u0131ndan yapt\u0131r\u0131lan duan\u0131n ard\u0131ndan Vali Vahdettin \u00d6zkan ve protokol \u00fcyeleri taraf\u0131ndan \u015fehitlerin kabirlerine karanfil b\u0131rak\u0131ld\u0131. Garnizon \u015eehitli\u011finin ard\u0131ndan Polis \u015eehitli\u011fi de ziyaret edilip dualar okundu.<br \/>\n<br \/>Tarihi Hatuniye Camiinde ise mevlidi \u015ferif okundu. Program \u00f6ncesi konu\u015fan Hatuniye Camii \u0130mam Hatiplerinden Hayrettin \u00c7oban, &#8220;Rabbim b\u00f6yle ac\u0131 felaket g\u00fcnleri bir daha aziz milletimize g\u00f6stermesin. Bu u\u011furda bu gecenin deh\u015fetinde canlar\u0131n\u0131 ortaya koyan ve \u015fehadete y\u00fcr\u00fcyen t\u00fcm \u015fehitlerimizin ruhlar\u0131 i\u00e7in mevlidi \u015ferifler okunacak, okunan hatmi \u015ferifler ba\u011f\u0131\u015flanacak, Rabbim 15 Temmuz \u015fehitlerinin \u015fahs\u0131nda din i\u00e7in, devlet i\u00e7in, vatan i\u00e7in, millet i\u00e7in canlar\u0131n\u0131 feda etmi\u015f, bu cennet yurdu bize vatan k\u0131lm\u0131\u015f t\u00fcm kahraman ecdad\u0131m\u0131za, \u015fehitlerimize, gazilerimize rahmet eylesin. Aziz milletimizi, devletimizi ve vatan\u0131m\u0131z\u0131 ilelebet payidar eylesin. Bu aziz vatan topraklar\u0131 \u00fczerinde, \u015fanl\u0131 bayra\u011f\u0131m\u0131z\u0131n g\u00f6lgesinde bir \u00f6m\u00fcr boyu ilelebet bu necip milleti payidar eylesin in\u015fallah.&#8221; dedi.<br \/>\n<br \/>Okunan mevlidi \u015ferifler ve dualar\u0131n ard\u0131ndan \u00f6\u011fle namaz\u0131 k\u0131l\u0131narak, Hatuniye Camiinin bah\u00e7esinde vatanda\u015flara Vak\u0131flar \u0130zmir B\u00f6lge M\u00fcd\u00fcrl\u00fc\u011f\u00fc taraf\u0131ndan bin ki\u015filik mevlit \u015fekeri da\u011f\u0131t\u0131ld\u0131.<br \/><\/p>\n","protected":false},"excerpt":{"rendered":"<p>FET\u00d6 Ter\u00f6r \u00d6rg\u00fct\u00fc\u2019n\u00fcn 15 Temmuz 2016 tarihinde T\u00fcrkiye\u2019nin milli birlik ve beraberli\u011fini hedef alan hain darbe giri\u015fiminin 9. y\u0131l\u0131nda, Manisa\u2019da ba\u015fta 15 Temmuz \u015fehitleri olmak \u00fczere t\u00fcm \u015fahitler an\u0131ld\u0131. Garnizon ve polis \u015fehitli\u011findeki t\u00f6renlerin ard\u0131ndan tarihi Hatuniye Camiinde mevlidi \u015ferif okundu. Manisa\u2019da 15 Temmuz \u015eehitlerini Anma, Demokrasi ve Milli Birlik G\u00fcn\u00fc etkinliklerinin ilki Garnizon \u015eehitli\u011finde&#8230;<\/p>\n","protected":false},"author":1,"featured_media":42176,"comment_status":"open","ping_status":"open","sticky":false,"template":"","format":"standard","meta":{"_crdt_document":"","footnotes":""},"categories":[123],"tags":[],"class_list":["post-42175","post","type-post","status-publish","format-standard","has-post-thumbnail","hentry","category-gundem"],"_links":{"self":[{"href":"https:\/\/www.egemtv.com\/index.php?rest_route=\/wp\/v2\/posts\/42175","targetHints":{"allow":["GET"]}}],"collection":[{"href":"https:\/\/www.egemtv.com\/index.php?rest_route=\/wp\/v2\/posts"}],"about":[{"href":"https:\/\/www.egemtv.com\/index.php?rest_route=\/wp\/v2\/types\/post"}],"author":[{"embeddable":true,"href":"https:\/\/www.egemtv.com\/index.php?rest_route=\/wp\/v2\/users\/1"}],"replies":[{"embeddable":true,"href":"https:\/\/www.egemtv.com\/index.php?rest_route=%2Fwp%2Fv2%2Fcomments&post=42175"}],"version-history":[{"count":1,"href":"https:\/\/www.egemtv.com\/index.php?rest_route=\/wp\/v2\/posts\/42175\/revisions"}],"predecessor-version":[{"id":42177,"href":"https:\/\/www.egemtv.com\/index.php?rest_route=\/wp\/v2\/posts\/42175\/revisions\/42177"}],"wp:featuredmedia":[{"embeddable":true,"href":"https:\/\/www.egemtv.com\/index.php?rest_route=\/wp\/v2\/media\/42176"}],"wp:attachment":[{"href":"https:\/\/www.egemtv.com\/index.php?rest_route=%2Fwp%2Fv2%2Fmedia&parent=42175"}],"wp:term":[{"taxonomy":"category","embeddable":true,"href":"https:\/\/www.egemtv.com\/index.php?rest_route=%2Fwp%2Fv2%2Fcategories&post=42175"},{"taxonomy":"post_tag","embeddable":true,"href":"https:\/\/www.egemtv.com\/index.php?rest_route=%2Fwp%2Fv2%2Ftags&post=42175"}],"curies":[{"name":"wp","href":"https:\/\/api.w.org\/{rel}","templated":true}]}}