{"id":42172,"date":"2025-07-15T14:36:43","date_gmt":"2025-07-15T11:36:43","guid":{"rendered":"https:\/\/www.egemtv.com\/?p=42172"},"modified":"2025-07-15T14:36:47","modified_gmt":"2025-07-15T11:36:47","slug":"hisarcikta-15-temmuz-sehitleri-icin-mevlit-okutuldu","status":"publish","type":"post","link":"https:\/\/www.egemtv.com\/?p=42172","title":{"rendered":"Hisarc\u0131k\u2019ta 15 Temmuz \u015eehitleri i\u00e7in mevlit okutuldu"},"content":{"rendered":"<p>K\u00fctahya\u2019n\u0131n Hisarc\u0131k il\u00e7esinde &#8220;15 Temmuz Demokrasi ve Milli Birlik G\u00fcn\u00fc&#8221; etkinlikleri \u00e7er\u00e7evesinde \u015fehitlerin ruhlar\u0131na ithafen mevlit okutuldu.<br \/>\n<br \/>15 Temmuz 2016 tarihindeki darbe giri\u015fiminde \u015fehit olan 251 ki\u015fi i\u00e7in Hisarc\u0131k Merkez \u00c7ar\u015f\u0131 Camii\u2019nde \u00f6\u011fle namaz\u0131 \u00f6ncesi mevlit program\u0131 d\u00fczenlendi. Programda, \u0130l\u00e7e M\u00fcft\u00fc Vekili Bilal Aydo\u011fdu ve din g\u00f6revlileri taraf\u0131ndan Kur\u2019an-\u0131 Kerim tilaveti, ilahiler ve mevlit okundu. Program sonunda M\u00fcft\u00fc Vekili Bilal Aydo\u011fdu taraf\u0131ndan t\u00fcm \u015fehitler i\u00e7in dua edildi.<br \/><\/p>\n","protected":false},"excerpt":{"rendered":"<p>K\u00fctahya\u2019n\u0131n Hisarc\u0131k il\u00e7esinde &#8220;15 Temmuz Demokrasi ve Milli Birlik G\u00fcn\u00fc&#8221; etkinlikleri \u00e7er\u00e7evesinde \u015fehitlerin ruhlar\u0131na ithafen mevlit okutuldu. 15 Temmuz 2016 tarihindeki darbe giri\u015fiminde \u015fehit olan 251 ki\u015fi i\u00e7in Hisarc\u0131k Merkez \u00c7ar\u015f\u0131 Camii\u2019nde \u00f6\u011fle namaz\u0131 \u00f6ncesi mevlit program\u0131 d\u00fczenlendi. Programda, \u0130l\u00e7e M\u00fcft\u00fc Vekili Bilal Aydo\u011fdu ve din g\u00f6revlileri taraf\u0131ndan Kur\u2019an-\u0131 Kerim tilaveti, ilahiler ve mevlit okundu&#8230;.<\/p>\n","protected":false},"author":1,"featured_media":42173,"comment_status":"open","ping_status":"open","sticky":false,"template":"","format":"standard","meta":{"_crdt_document":"","footnotes":""},"categories":[123],"tags":[],"class_list":["post-42172","post","type-post","status-publish","format-standard","has-post-thumbnail","hentry","category-gundem"],"_links":{"self":[{"href":"https:\/\/www.egemtv.com\/index.php?rest_route=\/wp\/v2\/posts\/42172","targetHints":{"allow":["GET"]}}],"collection":[{"href":"https:\/\/www.egemtv.com\/index.php?rest_route=\/wp\/v2\/posts"}],"about":[{"href":"https:\/\/www.egemtv.com\/index.php?rest_route=\/wp\/v2\/types\/post"}],"author":[{"embeddable":true,"href":"https:\/\/www.egemtv.com\/index.php?rest_route=\/wp\/v2\/users\/1"}],"replies":[{"embeddable":true,"href":"https:\/\/www.egemtv.com\/index.php?rest_route=%2Fwp%2Fv2%2Fcomments&post=42172"}],"version-history":[{"count":1,"href":"https:\/\/www.egemtv.com\/index.php?rest_route=\/wp\/v2\/posts\/42172\/revisions"}],"predecessor-version":[{"id":42174,"href":"https:\/\/www.egemtv.com\/index.php?rest_route=\/wp\/v2\/posts\/42172\/revisions\/42174"}],"wp:featuredmedia":[{"embeddable":true,"href":"https:\/\/www.egemtv.com\/index.php?rest_route=\/wp\/v2\/media\/42173"}],"wp:attachment":[{"href":"https:\/\/www.egemtv.com\/index.php?rest_route=%2Fwp%2Fv2%2Fmedia&parent=42172"}],"wp:term":[{"taxonomy":"category","embeddable":true,"href":"https:\/\/www.egemtv.com\/index.php?rest_route=%2Fwp%2Fv2%2Fcategories&post=42172"},{"taxonomy":"post_tag","embeddable":true,"href":"https:\/\/www.egemtv.com\/index.php?rest_route=%2Fwp%2Fv2%2Ftags&post=42172"}],"curies":[{"name":"wp","href":"https:\/\/api.w.org\/{rel}","templated":true}]}}