{"id":42169,"date":"2025-07-15T14:36:34","date_gmt":"2025-07-15T11:36:34","guid":{"rendered":"https:\/\/www.egemtv.com\/?p=42169"},"modified":"2025-07-15T14:36:43","modified_gmt":"2025-07-15T11:36:43","slug":"fethiyede-motosiklet-surucusu-hayatini-kaybetti","status":"publish","type":"post","link":"https:\/\/www.egemtv.com\/?p=42169","title":{"rendered":"Fethiye\u2019de motosiklet s\u00fcr\u00fcc\u00fcs\u00fc hayat\u0131n\u0131 kaybetti"},"content":{"rendered":"<p>Fethiye Cahit G\u00fcnd\u00fcz Caddesi \u00fczerinde gece saatlerinde meydana gelen trafik kazas\u0131nda, 22 ya\u015f\u0131ndaki motosiklet s\u00fcr\u00fcc\u00fcs\u00fc hayat\u0131n\u0131 kaybetti<\/p>\n<p>Kaza, 15 Temmuz 2025 Sal\u0131 g\u00fcn\u00fc saat 02.30 civarlar\u0131nda Cahit G\u00fcnd\u00fcz Caddesi \u00fczerinde meydana geldi. Edinilen bilgilere g\u00f6re; M.C.A. idaresindeki 42 AGG 725 plakal\u0131 otomobil ile 22 ya\u015f\u0131ndaki Hasan Arslan\u2019\u0131n kulland\u0131\u011f\u0131 45 HE 747 plakal\u0131 motosiklet \u00e7arp\u0131\u015ft\u0131. \u00c7arp\u0131\u015fman\u0131n etkisiyle a\u011f\u0131r yaralanan motosiklet s\u00fcr\u00fcc\u00fcs\u00fc 22 ya\u015f\u0131ndaki Hasan Arslan, olay yerine sevk edilen sa\u011fl\u0131k ekipleri taraf\u0131ndan Fethiye Devlet Hastanesi\u2019ne kald\u0131r\u0131ld\u0131. Gen\u00e7 s\u00fcr\u00fcc\u00fc t\u00fcm m\u00fcdahalelere ra\u011fmen hayat\u0131n\u0131 kaybetti.<\/p>\n<p>Kazayla ilgili soru\u015fturma ba\u015flat\u0131ld\u0131.<br \/><\/p>\n","protected":false},"excerpt":{"rendered":"<p>Fethiye Cahit G\u00fcnd\u00fcz Caddesi \u00fczerinde gece saatlerinde meydana gelen trafik kazas\u0131nda, 22 ya\u015f\u0131ndaki motosiklet s\u00fcr\u00fcc\u00fcs\u00fc hayat\u0131n\u0131 kaybetti Kaza, 15 Temmuz 2025 Sal\u0131 g\u00fcn\u00fc saat 02.30 civarlar\u0131nda Cahit G\u00fcnd\u00fcz Caddesi \u00fczerinde meydana geldi. Edinilen bilgilere g\u00f6re; M.C.A. idaresindeki 42 AGG 725 plakal\u0131 otomobil ile 22 ya\u015f\u0131ndaki Hasan Arslan\u2019\u0131n kulland\u0131\u011f\u0131 45 HE 747 plakal\u0131 motosiklet \u00e7arp\u0131\u015ft\u0131. \u00c7arp\u0131\u015fman\u0131n&#8230;<\/p>\n","protected":false},"author":1,"featured_media":42170,"comment_status":"open","ping_status":"open","sticky":false,"template":"","format":"standard","meta":{"_crdt_document":"","footnotes":""},"categories":[5],"tags":[],"class_list":["post-42169","post","type-post","status-publish","format-standard","has-post-thumbnail","hentry","category-asayis"],"_links":{"self":[{"href":"https:\/\/www.egemtv.com\/index.php?rest_route=\/wp\/v2\/posts\/42169","targetHints":{"allow":["GET"]}}],"collection":[{"href":"https:\/\/www.egemtv.com\/index.php?rest_route=\/wp\/v2\/posts"}],"about":[{"href":"https:\/\/www.egemtv.com\/index.php?rest_route=\/wp\/v2\/types\/post"}],"author":[{"embeddable":true,"href":"https:\/\/www.egemtv.com\/index.php?rest_route=\/wp\/v2\/users\/1"}],"replies":[{"embeddable":true,"href":"https:\/\/www.egemtv.com\/index.php?rest_route=%2Fwp%2Fv2%2Fcomments&post=42169"}],"version-history":[{"count":1,"href":"https:\/\/www.egemtv.com\/index.php?rest_route=\/wp\/v2\/posts\/42169\/revisions"}],"predecessor-version":[{"id":42171,"href":"https:\/\/www.egemtv.com\/index.php?rest_route=\/wp\/v2\/posts\/42169\/revisions\/42171"}],"wp:featuredmedia":[{"embeddable":true,"href":"https:\/\/www.egemtv.com\/index.php?rest_route=\/wp\/v2\/media\/42170"}],"wp:attachment":[{"href":"https:\/\/www.egemtv.com\/index.php?rest_route=%2Fwp%2Fv2%2Fmedia&parent=42169"}],"wp:term":[{"taxonomy":"category","embeddable":true,"href":"https:\/\/www.egemtv.com\/index.php?rest_route=%2Fwp%2Fv2%2Fcategories&post=42169"},{"taxonomy":"post_tag","embeddable":true,"href":"https:\/\/www.egemtv.com\/index.php?rest_route=%2Fwp%2Fv2%2Ftags&post=42169"}],"curies":[{"name":"wp","href":"https:\/\/api.w.org\/{rel}","templated":true}]}}