{"id":42016,"date":"2025-07-14T20:56:08","date_gmt":"2025-07-14T17:56:08","guid":{"rendered":"https:\/\/www.egemtv.com\/?p=42016"},"modified":"2025-07-14T20:56:13","modified_gmt":"2025-07-14T17:56:13","slug":"aydinda-15-yasindaki-gencin-kullandigi-otomobil-takla-atti","status":"publish","type":"post","link":"https:\/\/www.egemtv.com\/?p=42016","title":{"rendered":"Ayd\u0131n\u2019da 15 ya\u015f\u0131ndaki gencin kulland\u0131\u011f\u0131 otomobil takla att\u0131"},"content":{"rendered":"<p>Ayd\u0131n\u2019\u0131n Efeler il\u00e7esinde direksiyonun ba\u015f\u0131na ge\u00e7en 15 ya\u015f\u0131ndaki gencin kulland\u0131\u011f\u0131 otomobil sanayi i\u00e7inde takla att\u0131. S\u00fcr\u00fcc\u00fc \u015fans eseri burnu kanamadan kazay\u0131 atlatt\u0131.<\/p>\n<p>Kaza, Tepecik Bulvar\u0131 \u00fczerinde bulunan 1. Sanayi i\u00e7erisinde meydana geldi. Edinilen bilgiye g\u00f6re, 15 ya\u015f\u0131ndaki B.G, 09 ACS 162 plakal\u0131 otomobil ile Tepecik Bulvar\u0131nda ilerlerken yapt\u0131\u011f\u0131 ani fren sonras\u0131 kulland\u0131\u011f\u0131 ara\u00e7 sanayi i\u00e7erisinde takla att\u0131. Otomobil yolun i\u00e7ine ters d\u00f6nd\u00fc. \u0130hbar \u00fczerine olay yerine itfaiye, polis ve sa\u011fl\u0131k ekipleri sevk edildi. Otomobilden \u00e7\u0131kar\u0131lan gen\u00e7, kazay\u0131 burnu kanamadan atlatt\u0131. Ehliyetsiz olan gen\u00e7 s\u00fcr\u00fcc\u00fcye yakla\u015f\u0131k 40 bin lira ceza kesildi.<br \/><\/p>\n","protected":false},"excerpt":{"rendered":"<p>Ayd\u0131n\u2019\u0131n Efeler il\u00e7esinde direksiyonun ba\u015f\u0131na ge\u00e7en 15 ya\u015f\u0131ndaki gencin kulland\u0131\u011f\u0131 otomobil sanayi i\u00e7inde takla att\u0131. S\u00fcr\u00fcc\u00fc \u015fans eseri burnu kanamadan kazay\u0131 atlatt\u0131. Kaza, Tepecik Bulvar\u0131 \u00fczerinde bulunan 1. Sanayi i\u00e7erisinde meydana geldi. Edinilen bilgiye g\u00f6re, 15 ya\u015f\u0131ndaki B.G, 09 ACS 162 plakal\u0131 otomobil ile Tepecik Bulvar\u0131nda ilerlerken yapt\u0131\u011f\u0131 ani fren sonras\u0131 kulland\u0131\u011f\u0131 ara\u00e7 sanayi i\u00e7erisinde&#8230;<\/p>\n","protected":false},"author":1,"featured_media":42017,"comment_status":"open","ping_status":"open","sticky":false,"template":"","format":"standard","meta":{"_crdt_document":"","footnotes":""},"categories":[5],"tags":[],"class_list":["post-42016","post","type-post","status-publish","format-standard","has-post-thumbnail","hentry","category-asayis"],"_links":{"self":[{"href":"https:\/\/www.egemtv.com\/index.php?rest_route=\/wp\/v2\/posts\/42016","targetHints":{"allow":["GET"]}}],"collection":[{"href":"https:\/\/www.egemtv.com\/index.php?rest_route=\/wp\/v2\/posts"}],"about":[{"href":"https:\/\/www.egemtv.com\/index.php?rest_route=\/wp\/v2\/types\/post"}],"author":[{"embeddable":true,"href":"https:\/\/www.egemtv.com\/index.php?rest_route=\/wp\/v2\/users\/1"}],"replies":[{"embeddable":true,"href":"https:\/\/www.egemtv.com\/index.php?rest_route=%2Fwp%2Fv2%2Fcomments&post=42016"}],"version-history":[{"count":1,"href":"https:\/\/www.egemtv.com\/index.php?rest_route=\/wp\/v2\/posts\/42016\/revisions"}],"predecessor-version":[{"id":42018,"href":"https:\/\/www.egemtv.com\/index.php?rest_route=\/wp\/v2\/posts\/42016\/revisions\/42018"}],"wp:featuredmedia":[{"embeddable":true,"href":"https:\/\/www.egemtv.com\/index.php?rest_route=\/wp\/v2\/media\/42017"}],"wp:attachment":[{"href":"https:\/\/www.egemtv.com\/index.php?rest_route=%2Fwp%2Fv2%2Fmedia&parent=42016"}],"wp:term":[{"taxonomy":"category","embeddable":true,"href":"https:\/\/www.egemtv.com\/index.php?rest_route=%2Fwp%2Fv2%2Fcategories&post=42016"},{"taxonomy":"post_tag","embeddable":true,"href":"https:\/\/www.egemtv.com\/index.php?rest_route=%2Fwp%2Fv2%2Ftags&post=42016"}],"curies":[{"name":"wp","href":"https:\/\/api.w.org\/{rel}","templated":true}]}}