{"id":42010,"date":"2025-07-14T18:55:54","date_gmt":"2025-07-14T15:55:54","guid":{"rendered":"https:\/\/www.egemtv.com\/?p=42010"},"modified":"2025-07-14T18:55:58","modified_gmt":"2025-07-14T15:55:58","slug":"mavi-vatanin-yuzen-kalesi-tcg-gelibolu-firkateyni-italya-deniz-kuvvetleri-unsuru-its-bergamini-ile-egitimler-icra-etti","status":"publish","type":"post","link":"https:\/\/www.egemtv.com\/?p=42010","title":{"rendered":"Mavi Vatan\u2019\u0131n y\u00fczen kalesi TCG Gelibolu F\u0131rkateyni \u0130talya Deniz Kuvvetleri unsuru \u0130TS Bergamini ile e\u011fitimler icra etti"},"content":{"rendered":"<p>Mavi Vatan\u2019\u0131n y\u00fczen kalesi TCG Gelibolu f\u0131rkateyni, NATO Daimi Deniz G\u00f6rev Grubu  g\u00f6revi kapsam\u0131nda, \u0130talya Deniz Kuvvetleri unsuru ITS Bergamini ile e\u011fitimler icra etti. Yap\u0131lan e\u011fitim icras\u0131n\u0131n foto\u011fraflar\u0131 havadan g\u00f6r\u00fcnt\u00fclendi.<br \/>\n<br \/>T\u00fcrk Deniz Kuvvetleri Komutanl\u0131\u011f\u0131 b\u00fcnyesinde hizmet eden, en b\u00fcy\u00fck sava\u015f gemilerinden biri olan ve Mavi Vatan\u2019\u0131n y\u00fczen kalesi olarak adland\u0131r\u0131lan TCG Gelibolu F\u0131rkatey\u2019nin icras\u0131, Milli Savunma Bakanl\u0131\u011f\u0131 taraf\u0131ndan foto\u011fraflarla payla\u015f\u0131ld\u0131.<br \/>\n<br \/>\u00d6zellikleri, personelin bilgi ve birikimi ile adeta y\u00fczen bir ordu olan Gabya s\u0131n\u0131f\u0131 firkateyn, mavi vatanda \u00fcstlendi\u011fi \u00f6nemli g\u00f6revlerle biliniyor. Mavi vatan\u0131n\u0131n adeta vurucu g\u00fcc\u00fc konumunda olan \u2018TCG Gelibolu\u2019 ayn\u0131 anda 2 helikopteri konu\u015fland\u0131rabiliyor. 1999 y\u0131l\u0131nda T\u00fcrk bayra\u011f\u0131 toka edilerek hizmete giren gemimizin Marmaris Aksaz\u2019da bulunan Deniz \u00dcs Komutanl\u0131\u011f\u0131\u2019ndaki icras\u0131 havadan g\u00f6r\u00fcnt\u00fclendi.<br \/><\/p>\n","protected":false},"excerpt":{"rendered":"<p>Mavi Vatan\u2019\u0131n y\u00fczen kalesi TCG Gelibolu f\u0131rkateyni, NATO Daimi Deniz G\u00f6rev Grubu g\u00f6revi kapsam\u0131nda, \u0130talya Deniz Kuvvetleri unsuru ITS Bergamini ile e\u011fitimler icra etti. Yap\u0131lan e\u011fitim icras\u0131n\u0131n foto\u011fraflar\u0131 havadan g\u00f6r\u00fcnt\u00fclendi. T\u00fcrk Deniz Kuvvetleri Komutanl\u0131\u011f\u0131 b\u00fcnyesinde hizmet eden, en b\u00fcy\u00fck sava\u015f gemilerinden biri olan ve Mavi Vatan\u2019\u0131n y\u00fczen kalesi olarak adland\u0131r\u0131lan TCG Gelibolu F\u0131rkatey\u2019nin icras\u0131, Milli&#8230;<\/p>\n","protected":false},"author":1,"featured_media":42011,"comment_status":"open","ping_status":"open","sticky":false,"template":"","format":"standard","meta":{"_crdt_document":"","footnotes":""},"categories":[1],"tags":[],"class_list":["post-42010","post","type-post","status-publish","format-standard","has-post-thumbnail","hentry","category-guncel"],"_links":{"self":[{"href":"https:\/\/www.egemtv.com\/index.php?rest_route=\/wp\/v2\/posts\/42010","targetHints":{"allow":["GET"]}}],"collection":[{"href":"https:\/\/www.egemtv.com\/index.php?rest_route=\/wp\/v2\/posts"}],"about":[{"href":"https:\/\/www.egemtv.com\/index.php?rest_route=\/wp\/v2\/types\/post"}],"author":[{"embeddable":true,"href":"https:\/\/www.egemtv.com\/index.php?rest_route=\/wp\/v2\/users\/1"}],"replies":[{"embeddable":true,"href":"https:\/\/www.egemtv.com\/index.php?rest_route=%2Fwp%2Fv2%2Fcomments&post=42010"}],"version-history":[{"count":1,"href":"https:\/\/www.egemtv.com\/index.php?rest_route=\/wp\/v2\/posts\/42010\/revisions"}],"predecessor-version":[{"id":42012,"href":"https:\/\/www.egemtv.com\/index.php?rest_route=\/wp\/v2\/posts\/42010\/revisions\/42012"}],"wp:featuredmedia":[{"embeddable":true,"href":"https:\/\/www.egemtv.com\/index.php?rest_route=\/wp\/v2\/media\/42011"}],"wp:attachment":[{"href":"https:\/\/www.egemtv.com\/index.php?rest_route=%2Fwp%2Fv2%2Fmedia&parent=42010"}],"wp:term":[{"taxonomy":"category","embeddable":true,"href":"https:\/\/www.egemtv.com\/index.php?rest_route=%2Fwp%2Fv2%2Fcategories&post=42010"},{"taxonomy":"post_tag","embeddable":true,"href":"https:\/\/www.egemtv.com\/index.php?rest_route=%2Fwp%2Fv2%2Ftags&post=42010"}],"curies":[{"name":"wp","href":"https:\/\/api.w.org\/{rel}","templated":true}]}}