{"id":42007,"date":"2025-07-14T18:55:48","date_gmt":"2025-07-14T15:55:48","guid":{"rendered":"https:\/\/www.egemtv.com\/?p=42007"},"modified":"2025-07-14T18:55:53","modified_gmt":"2025-07-14T15:55:53","slug":"15-temmuz-gazisinden-terorsuz-turkiye-surecine-destek","status":"publish","type":"post","link":"https:\/\/www.egemtv.com\/?p=42007","title":{"rendered":"15 Temmuz gazisinden &#8220;Ter\u00f6rs\u00fcz T\u00fcrkiye&#8221; s\u00fcrecine destek"},"content":{"rendered":"<p>Fetullah\u00e7\u0131 Ter\u00f6r \u00d6rg\u00fct\u00fc\u2019n\u00fcn (FET\u00d6) 2016\u2019daki darbe giri\u015fiminde hainler taraf\u0131ndan a\u00e7\u0131lan ate\u015fle vurularak gazi olan emekli k\u0131demli ba\u015f\u00e7avu\u015f Y\u0131lmaz Lale, 15 Temmuz\u2019un 9. y\u0131ld\u00f6n\u00fcm\u00fcnde &#8220;Ter\u00f6rs\u00fcz T\u00fcrkiye&#8221; s\u00fcrecine tam destek verdi. 15 Temmuz gecesinde ya\u015fad\u0131klar\u0131n\u0131 anlatan Lale, &#8220;Bu t\u00fcr ac\u0131 olaylar\u0131n bir daha ya\u015fanmamas\u0131 i\u00e7in, var g\u00fcc\u00fcm\u00fczle m\u00fccadele etmeliyiz. \u015eu anda, ter\u00f6rs\u00fcz bir T\u00fcrkiye s\u00fcrecindeyiz. Bu s\u00fcrecin devletimiz i\u00e7in hay\u0131rl\u0131 olaca\u011f\u0131na inan\u0131yorum&#8221; dedi.<br \/>\n<br \/>FET\u00d6\u2019n\u00fcn 15 Temmuz 2016\u2019da ger\u00e7ekle\u015ftirdi\u011fi hain darbe giri\u015fiminin \u00fczerinden dokuz y\u0131l ge\u00e7ti. \u0130zmir\u2019de ya\u015fayan emekli k\u0131demli ba\u015f\u00e7avu\u015f Y\u0131lmaz Lale, 15 Temmuz gecesi gitti\u011fi Genelkurmay Ba\u015fkanl\u0131\u011f\u0131 \u00e7evresinde hain darbeciler taraf\u0131ndan z\u0131rhl\u0131 ara\u00e7 i\u00e7erisinden a\u00e7\u0131lan ate\u015fle sol g\u00f6\u011f\u00fcs hizas\u0131ndan vurularak gazi oldu. Hastaneye kald\u0131r\u0131lan Lale, 15 g\u00fcn boyunca g\u00f6\u011fs\u00fcndeki mermiyle ya\u015fad\u0131. 15 Temmuz gecesi ya\u015fad\u0131klar\u0131n\u0131 anlatan Y\u0131lmaz Lale, &#8220;U\u00e7aklar u\u00e7maya ba\u015flad\u0131\u011f\u0131nda, daha do\u011frusu bir darbe giri\u015fimi oldu\u011fundan haberimiz oldu\u011funda bizler hemen inisiyatif ald\u0131k. \u00dclkemizin demokrasisinin yan\u0131nda yer alacakt\u0131k. Ben de bu d\u00fc\u015f\u00fcnceyle, benim gibi d\u00fc\u015f\u00fcnen bir\u00e7ok insan\u0131n olaca\u011f\u0131n\u0131 d\u00fc\u015f\u00fcnerek K\u0131z\u0131lay\u2019a inmeye karar verdim ve yola \u00e7\u0131kt\u0131m. K\u0131z\u0131lay\u2019a gelmeden \u00f6nce Hava Kuvvetleri ve Deniz Kuvvetleri\u2019nin bulundu\u011fu, Meclis\u2019in tam kar\u015f\u0131s\u0131ndaki kav\u015fa\u011fa geldim. Orada durduk ve m\u00fccadeleye ba\u015flad\u0131k. Meydana ilk ula\u015fan ki\u015filerden biriydim. Akabinde orada \u00e7at\u0131\u015fmalar ba\u015flad\u0131. G\u00f6rd\u00fck ki silahl\u0131 kuvvetlerin i\u00e7erisine s\u0131zan ter\u00f6rist grup, arkada\u015f, vatan evlad\u0131, \u00fcniformal\u0131, sivil ay\u0131rt etmeden, y\u00fczlerce insan\u0131 hedef g\u00f6zeterek ate\u015f a\u00e7\u0131p \u015fehit ettiler, yaralad\u0131lar&#8221; ifadelerini kulland\u0131.<\/p>\n<p>Ter\u00f6rs\u00fcz T\u00fcrkiye<br \/>\n<br \/>15 Temmuz 2016 ak\u015fam\u0131n\u0131n T\u00fcrkiye Cumhuriyeti Devleti tarihi a\u00e7\u0131s\u0131ndan \u00e7ok talihsiz bir gece oldu\u011funu belirten Lale, &#8220;O gece, vatan evlatlar\u0131, bir tak\u0131m hainler taraf\u0131ndan \u015fehit edildi. Ayn\u0131 zamanda, yine vatan evlatlar\u0131, vatanlar\u0131n\u0131 ve demokrasilerini korumak i\u00e7in meydanlara indi. Bu t\u00fcr ac\u0131 olaylar\u0131n bir daha ya\u015fanmamas\u0131 i\u00e7in, var g\u00fcc\u00fcm\u00fczle m\u00fccadele etmeliyiz diye d\u00fc\u015f\u00fcn\u00fcyorum. \u015eu anda, ter\u00f6rs\u00fcz bir T\u00fcrkiye s\u00fcrecindeyiz. Ancak ka\u00e7 tane operasyon yap\u0131l\u0131rsa yap\u0131ls\u0131n, birliklerimiz ne kadar ba\u015far\u0131l\u0131 olursa olsun, ter\u00f6r kolay kolay bitmez. Bunu ancak oturup konu\u015farak sonland\u0131rabiliriz. Bug\u00fcn ter\u00f6r\u00fc bitirmek i\u00e7in bir masaya oturma s\u00fcreci de\u011fil de, ba\u015fka devletlerin ba\u015fka unsurlar\u0131 ya da ter\u00f6r \u00f6rg\u00fctlerini kullanmas\u0131na f\u0131rsat vermemek ad\u0131na y\u00fcr\u00fct\u00fclen bir s\u00fcre\u00e7tir. Buna bir anla\u015fma demek de do\u011fru olmayabilir. Ancak ter\u00f6r \u00f6rg\u00fct\u00fc bu s\u00fcreci kendi iste\u011fiyle bitirmek istemi\u015ftir ve T\u00fcrkiye Cumhuriyeti Devleti de buna onay vermi\u015ftir. Bizim bu noktada &#8220;hay\u0131rl\u0131 olsun&#8221; demekten ba\u015fka \u00e7aremiz yoktur. Bu s\u00fcrecin devletimiz i\u00e7in hay\u0131rl\u0131 olaca\u011f\u0131na inan\u0131yorum&#8221; diye belirtti.<\/p>\n<p>&#8220;FET\u00d6 baltalad\u0131&#8221;<br \/>\n<br \/>2013 y\u0131l\u0131nda ba\u015flat\u0131lan \u00e7\u00f6z\u00fcm s\u00fcrecini FET\u00d6\u2019n\u00fcn baltalad\u0131\u011f\u0131n\u0131 belirten Lale, &#8220;2010\u2019lu y\u0131llarda, \u00f6zellikle 2012-2013 d\u00f6neminde, T\u00fcrkiye\u2019de bir a\u00e7\u0131l\u0131m s\u00fcreci ba\u015flat\u0131ld\u0131. Ter\u00f6r \u00f6rg\u00fctlerinin temsilcileriyle g\u00f6r\u00fc\u015fmeler y\u00fcr\u00fct\u00fcld\u00fc. Asl\u0131nda s\u00fcre\u00e7 ba\u015flarda olumlu gidiyordu. Ancak sonras\u0131nda istenmeyen geli\u015fmeler ya\u015fand\u0131. Ter\u00f6r \u00f6rg\u00fct\u00fc, sanki b\u00fcy\u00fck bir ba\u015far\u0131 kazanm\u0131\u015f, devleti ma\u011flup etmi\u015f ve galip taraf olarak masaya oturuyormu\u015f gibi bir g\u00f6r\u00fcnt\u00fc verdi. Bu alg\u0131n\u0131n olu\u015fmas\u0131na neden olan yap\u0131 ise, bence o d\u00f6nemde devletin i\u00e7inde aktif olan Fethullah G\u00fclen adl\u0131 ter\u00f6r \u00f6rg\u00fct\u00fcn\u00fcn, yani FET\u00d6\u2019n\u00fcn kendisiydi. Bu \u00f6rg\u00fct, s\u00fcreci baltalamak amac\u0131yla \u00e7e\u015fitli yollar izledi. Devletin ve istihbarat \u00f6rg\u00fctlerinin ter\u00f6r \u00f6rg\u00fctleriyle y\u00fcr\u00fctt\u00fc\u011f\u00fc bu s\u00fcreci; zaman zaman istihbarat s\u0131zd\u0131rarak, bazen di\u011fer \u00fclkelerin istihbarat servislerine bilgiler aktararak, bazen de bizzat ter\u00f6r \u00f6rg\u00fctlerine operasyon d\u00fczenleyerek sabote etmeye \u00e7al\u0131\u015ft\u0131 ve bunda da maalesef ba\u015far\u0131l\u0131 oldu. Ancak 2016 y\u0131l\u0131ndan itibaren, FET\u00d6 mensuplar\u0131n\u0131n devletin kademelerinden temizlenmesiyle birlikte, bu s\u00fcreci baltalayabilecek ki\u015filerin say\u0131s\u0131 kalmad\u0131. Dolay\u0131s\u0131yla, bug\u00fcn benzer bir s\u00fcre\u00e7 ba\u015flat\u0131l\u0131rsa, bu defa akamete u\u011framadan, sa\u011fl\u0131kl\u0131 bir \u015fekilde sonu\u00e7lanabilece\u011fini d\u00fc\u015f\u00fcn\u00fcyorum&#8221; diye ekledi.<\/p>\n<p>&#8220;\u015eehitlerin kan\u0131 yerde kalmaz&#8221;<br \/>\n<br \/>Ter\u00f6rs\u00fcz T\u00fcrkiye s\u00fcrecine gelen ele\u015ftirilerde de\u011finen Lale, \u015funlar\u0131 kaydetti:<br \/>\n<br \/>&#8220;Baz\u0131 \u00e7evrelerde \u2019Bu s\u00fcre\u00e7 sonunda \u015fehitlerimizin kan\u0131 yerde mi kalacak?\u2019 deniyor. Ben 2023 y\u0131l\u0131nda Pen\u00e7e-Kilit operasyonunda ye\u011fenimi \u015fehit verdim. Bu nedenle, en \u00e7ok y\u00fcre\u011fi yanan insanlardan biriyim. Bu s\u00fcre\u00e7te daha fazla \u015fehit verilmesini istemiyorum. Ancak bizim \u015fehitlerimizin kan\u0131 hi\u00e7bir zaman yerde kalmad\u0131. T\u00fcrk Silahl\u0131 Kuvvetleri ve emniyet g\u00fc\u00e7lerimiz, her \u015fehidimizin kan\u0131n\u0131, en az on kat\u0131 ter\u00f6ristin kan\u0131n\u0131 d\u00f6kerek yerde b\u0131rakmad\u0131. Bu b\u00f6yle olmu\u015ftur ve b\u00f6yle olmaya da devam edecektir. Ter\u00f6ristlerin \u00fclkeye geri d\u00f6nmesi konusuna gelince; ben, su\u00e7 i\u015flemi\u015f, fiilen ter\u00f6re bula\u015fm\u0131\u015f, eline silah alarak askerimizi, polisimizi, \u00f6\u011fretmenimizi ya da vatanda\u015flar\u0131m\u0131z\u0131 \u015fehit etmi\u015f ki\u015filerin \u00fclkeye d\u00f6nece\u011fini d\u00fc\u015f\u00fcnm\u00fcyorum. Ancak \u00f6rg\u00fcte sonradan kat\u0131lm\u0131\u015f, su\u00e7a kar\u0131\u015fmam\u0131\u015f, operasyona gitmemi\u015f, eline silah almam\u0131\u015f ki\u015filer olabilir. Onlar d\u00f6nerse, \u00fclkenin adaletine teslim olurlar. Adaletin verece\u011fi karara g\u00f6re ceza al\u0131rlar veya almazlar. Onu biz de\u011fil, adalet bilir.&#8221;<br \/><\/p>\n","protected":false},"excerpt":{"rendered":"<p>Fetullah\u00e7\u0131 Ter\u00f6r \u00d6rg\u00fct\u00fc\u2019n\u00fcn (FET\u00d6) 2016\u2019daki darbe giri\u015fiminde hainler taraf\u0131ndan a\u00e7\u0131lan ate\u015fle vurularak gazi olan emekli k\u0131demli ba\u015f\u00e7avu\u015f Y\u0131lmaz Lale, 15 Temmuz\u2019un 9. y\u0131ld\u00f6n\u00fcm\u00fcnde &#8220;Ter\u00f6rs\u00fcz T\u00fcrkiye&#8221; s\u00fcrecine tam destek verdi. 15 Temmuz gecesinde ya\u015fad\u0131klar\u0131n\u0131 anlatan Lale, &#8220;Bu t\u00fcr ac\u0131 olaylar\u0131n bir daha ya\u015fanmamas\u0131 i\u00e7in, var g\u00fcc\u00fcm\u00fczle m\u00fccadele etmeliyiz. \u015eu anda, ter\u00f6rs\u00fcz bir T\u00fcrkiye s\u00fcrecindeyiz. Bu s\u00fcrecin&#8230;<\/p>\n","protected":false},"author":1,"featured_media":42008,"comment_status":"open","ping_status":"open","sticky":false,"template":"","format":"standard","meta":{"_crdt_document":"","footnotes":""},"categories":[123],"tags":[],"class_list":["post-42007","post","type-post","status-publish","format-standard","has-post-thumbnail","hentry","category-gundem"],"_links":{"self":[{"href":"https:\/\/www.egemtv.com\/index.php?rest_route=\/wp\/v2\/posts\/42007","targetHints":{"allow":["GET"]}}],"collection":[{"href":"https:\/\/www.egemtv.com\/index.php?rest_route=\/wp\/v2\/posts"}],"about":[{"href":"https:\/\/www.egemtv.com\/index.php?rest_route=\/wp\/v2\/types\/post"}],"author":[{"embeddable":true,"href":"https:\/\/www.egemtv.com\/index.php?rest_route=\/wp\/v2\/users\/1"}],"replies":[{"embeddable":true,"href":"https:\/\/www.egemtv.com\/index.php?rest_route=%2Fwp%2Fv2%2Fcomments&post=42007"}],"version-history":[{"count":1,"href":"https:\/\/www.egemtv.com\/index.php?rest_route=\/wp\/v2\/posts\/42007\/revisions"}],"predecessor-version":[{"id":42009,"href":"https:\/\/www.egemtv.com\/index.php?rest_route=\/wp\/v2\/posts\/42007\/revisions\/42009"}],"wp:featuredmedia":[{"embeddable":true,"href":"https:\/\/www.egemtv.com\/index.php?rest_route=\/wp\/v2\/media\/42008"}],"wp:attachment":[{"href":"https:\/\/www.egemtv.com\/index.php?rest_route=%2Fwp%2Fv2%2Fmedia&parent=42007"}],"wp:term":[{"taxonomy":"category","embeddable":true,"href":"https:\/\/www.egemtv.com\/index.php?rest_route=%2Fwp%2Fv2%2Fcategories&post=42007"},{"taxonomy":"post_tag","embeddable":true,"href":"https:\/\/www.egemtv.com\/index.php?rest_route=%2Fwp%2Fv2%2Ftags&post=42007"}],"curies":[{"name":"wp","href":"https:\/\/api.w.org\/{rel}","templated":true}]}}