{"id":42004,"date":"2025-07-14T18:35:49","date_gmt":"2025-07-14T15:35:49","guid":{"rendered":"https:\/\/www.egemtv.com\/?p=42004"},"modified":"2025-07-14T18:35:57","modified_gmt":"2025-07-14T15:35:57","slug":"kutahyada-motosiklet-sarampole-devrildi-surucu-hayatini-kaybetti","status":"publish","type":"post","link":"https:\/\/www.egemtv.com\/?p=42004","title":{"rendered":"K\u00fctahya\u2019da motosiklet \u015farampole devrildi, s\u00fcr\u00fcc\u00fc hayat\u0131n\u0131 kaybetti"},"content":{"rendered":"<p>K\u00fctahya\u2019da motosikletin \u015farampole devrildi\u011fi kazada s\u00fcr\u00fcc\u00fc hayat\u0131n\u0131 kaybetti.<br \/>\n<br \/>Edinilen bilgiye g\u00f6re, Mehmet Emre Taval\u0131o\u011flu (31) idaresindeki 43 AFG 766 plakal\u0131 motosiklet, merkeze ba\u011fl\u0131 So\u011fuk\u00e7e\u015fme k\u00f6y\u00fc yak\u0131nlar\u0131nda hen\u00fcz belirlenemeyen bir nedenle kontrolden \u00e7\u0131karak \u015farampole devrildi. Kazay\u0131 yoldan ge\u00e7en vatanda\u015flar\u0131n fark edip durumu 112 Acil \u00c7a\u011fr\u0131 Merkezi\u2019ne bildirmesi \u00fczerine olay yerine sa\u011fl\u0131k ve jandarma ekipleri sevk edildi. Ekipler, yapt\u0131klar\u0131 incelemede s\u00fcr\u00fcc\u00fc Taval\u0131o\u011flu\u2019nun olay yerinde hayat\u0131n\u0131 kaybetti\u011fini belirledi. Taval\u0131o\u011flu\u2019nun cenazesi, savc\u0131l\u0131k ve jandarma ekiplerinin yapt\u0131\u011f\u0131 incelemenin ard\u0131ndan K\u00fctahya \u015eehir Hastanesi morguna kald\u0131r\u0131ld\u0131.<br \/>\n<br \/>Kazayla ilgili soru\u015fturma ba\u015flat\u0131ld\u0131.<br \/><\/p>\n","protected":false},"excerpt":{"rendered":"<p>K\u00fctahya\u2019da motosikletin \u015farampole devrildi\u011fi kazada s\u00fcr\u00fcc\u00fc hayat\u0131n\u0131 kaybetti. Edinilen bilgiye g\u00f6re, Mehmet Emre Taval\u0131o\u011flu (31) idaresindeki 43 AFG 766 plakal\u0131 motosiklet, merkeze ba\u011fl\u0131 So\u011fuk\u00e7e\u015fme k\u00f6y\u00fc yak\u0131nlar\u0131nda hen\u00fcz belirlenemeyen bir nedenle kontrolden \u00e7\u0131karak \u015farampole devrildi. Kazay\u0131 yoldan ge\u00e7en vatanda\u015flar\u0131n fark edip durumu 112 Acil \u00c7a\u011fr\u0131 Merkezi\u2019ne bildirmesi \u00fczerine olay yerine sa\u011fl\u0131k ve jandarma ekipleri sevk edildi&#8230;.<\/p>\n","protected":false},"author":1,"featured_media":42005,"comment_status":"open","ping_status":"open","sticky":false,"template":"","format":"standard","meta":{"_crdt_document":"","footnotes":""},"categories":[5],"tags":[],"class_list":["post-42004","post","type-post","status-publish","format-standard","has-post-thumbnail","hentry","category-asayis"],"_links":{"self":[{"href":"https:\/\/www.egemtv.com\/index.php?rest_route=\/wp\/v2\/posts\/42004","targetHints":{"allow":["GET"]}}],"collection":[{"href":"https:\/\/www.egemtv.com\/index.php?rest_route=\/wp\/v2\/posts"}],"about":[{"href":"https:\/\/www.egemtv.com\/index.php?rest_route=\/wp\/v2\/types\/post"}],"author":[{"embeddable":true,"href":"https:\/\/www.egemtv.com\/index.php?rest_route=\/wp\/v2\/users\/1"}],"replies":[{"embeddable":true,"href":"https:\/\/www.egemtv.com\/index.php?rest_route=%2Fwp%2Fv2%2Fcomments&post=42004"}],"version-history":[{"count":1,"href":"https:\/\/www.egemtv.com\/index.php?rest_route=\/wp\/v2\/posts\/42004\/revisions"}],"predecessor-version":[{"id":42006,"href":"https:\/\/www.egemtv.com\/index.php?rest_route=\/wp\/v2\/posts\/42004\/revisions\/42006"}],"wp:featuredmedia":[{"embeddable":true,"href":"https:\/\/www.egemtv.com\/index.php?rest_route=\/wp\/v2\/media\/42005"}],"wp:attachment":[{"href":"https:\/\/www.egemtv.com\/index.php?rest_route=%2Fwp%2Fv2%2Fmedia&parent=42004"}],"wp:term":[{"taxonomy":"category","embeddable":true,"href":"https:\/\/www.egemtv.com\/index.php?rest_route=%2Fwp%2Fv2%2Fcategories&post=42004"},{"taxonomy":"post_tag","embeddable":true,"href":"https:\/\/www.egemtv.com\/index.php?rest_route=%2Fwp%2Fv2%2Ftags&post=42004"}],"curies":[{"name":"wp","href":"https:\/\/api.w.org\/{rel}","templated":true}]}}