{"id":42001,"date":"2025-07-14T18:15:34","date_gmt":"2025-07-14T15:15:34","guid":{"rendered":"https:\/\/www.egemtv.com\/?p=42001"},"modified":"2025-07-14T18:15:38","modified_gmt":"2025-07-14T15:15:38","slug":"vali-canbolat-15-temmuzun-yildonumunde-sehit-aileleri-ve-gazileri-unutmadi","status":"publish","type":"post","link":"https:\/\/www.egemtv.com\/?p=42001","title":{"rendered":"Vali Canbolat, 15 Temmuz\u2019un y\u0131ld\u00f6n\u00fcm\u00fcnde \u015fehit aileleri ve gazileri unutmad\u0131"},"content":{"rendered":"<p>15 Temmuz hain darbe giri\u015fiminin y\u0131ld\u00f6n\u00fcm\u00fcnde Vali Yakup Canbolat ve e\u015fi Ay\u015feg\u00fcl Canbolat, \u015fehit ailelerini ve gazileri evlerinde ziyaret etti. &#8220;O g\u00fcnleri unutmamak laz\u0131m&#8221; diyen Vali Canbolat, milletin direni\u015f ruhuna ve emanete sahip \u00e7\u0131kman\u0131n \u00f6nemine vurgu yapt\u0131.<\/p>\n<p>15 Temmuz 2016\u2019daki hain darbe giri\u015fiminin y\u0131ld\u00f6n\u00fcm\u00fcnde, Ayd\u0131n Valisi Yakup Canbolat ve e\u015fi Ay\u015feg\u00fcl Canbolat, gazileri ve \u015fehit ailelerini yaln\u0131z b\u0131rakmad\u0131. Bu kapsamda Vali Canbolat, 15 Temmuz gecesi yaralanan Gazi Hilmi \u00c7etin ile 15 Temmuz \u015fehidi Yal\u00e7\u0131n Aran\u2019\u0131n e\u015fi Aselet Aran ve k\u0131z\u0131 Dilan Feray Aran\u2019\u0131 evlerinde ziyaret etti.<\/p>\n<p>Ziyaret s\u0131ras\u0131nda konu\u015fan Vali Canbolat, &#8220;15 Temmuz hain darbe giri\u015fiminin y\u0131l d\u00f6n\u00fcm\u00fcndeyiz. Bu vesile ile o g\u00fcnleri ya\u015fam\u0131\u015f, gazi olmu\u015f, \u015fehit vermi\u015f aileleri, e\u015fimle birlikte ziyaret ediyoruz. O g\u00fcnleri unutmamak laz\u0131m. Vatan, toprak, bayra\u011f\u0131 g\u00f6nderinde tutmak, vatan\u0131n b\u00fct\u00fcnl\u00fc\u011f\u00fcn\u00fc sa\u011flamak kolay de\u011fil. Burada herkese g\u00f6rev d\u00fc\u015f\u00fcyor. T\u00fcrk milleti de 15 Temmuz\u2019da vatan\u0131n\u0131 korumak, bayra\u011f\u0131n\u0131 g\u00f6nderinde dalgaland\u0131rmak i\u00e7in kahramanca m\u00fccadele etti ve bu g\u00fcnleri de Allah bize g\u00f6sterdi. Biz \u015f\u00fckrediyoruz, vatan\u0131m\u0131z\u0131n b\u00fct\u00fcnl\u00fc\u011f\u00fc, \u00fclkemizin gelece\u011fi ve milletimizin selameti i\u00e7in de dimdik durmaya devam ediyoruz&#8221; dedi.<\/p>\n<p>Konu ile ilgili Ayd\u0131n Valili\u011fi\u2019nden yap\u0131lan a\u00e7\u0131klamada ise &#8220;15 Temmuz\u2019un izinde, milletimizin emanetine sahip \u00e7\u0131k\u0131yoruz. Valimiz Yakup Canbolat, 15 Temmuz\u2019un y\u0131ld\u00f6n\u00fcm\u00fcnde, milletimizin ba\u011f\u0131ms\u0131zl\u0131k ve demokrasi u\u011fruna verdi\u011fi destans\u0131 m\u00fccadeleyi bir kez daha hat\u0131rlatarak, \u015fehit ailelerimizi ve gazilerimizi ziyaret etti. O gece sokaklara \u00e7\u0131kan her bir kahraman, bu topraklar\u0131n h\u00fcrriyetle yo\u011frulmu\u015f kaderini yazd\u0131. Direni\u015fin, cesaretin ve millet iradesinin simgesi olan gazilerimize minnettar\u0131z. \u015eehitlerimizin geride b\u0131rakt\u0131\u011f\u0131 her bir emanet, bu milletin en k\u0131ymetli hazinesidir. Onlara sahip \u00e7\u0131kmak, sadece bir vefa de\u011fil, bu topraklara olan borcumuzun bir par\u00e7as\u0131d\u0131r. Aziz \u015fehitlerimizin emanetlerine ve kahraman gazilerimize minnettar\u0131z&#8221; ifadeleri yer ald\u0131.<br \/><\/p>\n","protected":false},"excerpt":{"rendered":"<p>15 Temmuz hain darbe giri\u015fiminin y\u0131ld\u00f6n\u00fcm\u00fcnde Vali Yakup Canbolat ve e\u015fi Ay\u015feg\u00fcl Canbolat, \u015fehit ailelerini ve gazileri evlerinde ziyaret etti. &#8220;O g\u00fcnleri unutmamak laz\u0131m&#8221; diyen Vali Canbolat, milletin direni\u015f ruhuna ve emanete sahip \u00e7\u0131kman\u0131n \u00f6nemine vurgu yapt\u0131. 15 Temmuz 2016\u2019daki hain darbe giri\u015fiminin y\u0131ld\u00f6n\u00fcm\u00fcnde, Ayd\u0131n Valisi Yakup Canbolat ve e\u015fi Ay\u015feg\u00fcl Canbolat, gazileri ve \u015fehit&#8230;<\/p>\n","protected":false},"author":1,"featured_media":42002,"comment_status":"open","ping_status":"open","sticky":false,"template":"","format":"standard","meta":{"_crdt_document":"","footnotes":""},"categories":[1],"tags":[],"class_list":["post-42001","post","type-post","status-publish","format-standard","has-post-thumbnail","hentry","category-guncel"],"_links":{"self":[{"href":"https:\/\/www.egemtv.com\/index.php?rest_route=\/wp\/v2\/posts\/42001","targetHints":{"allow":["GET"]}}],"collection":[{"href":"https:\/\/www.egemtv.com\/index.php?rest_route=\/wp\/v2\/posts"}],"about":[{"href":"https:\/\/www.egemtv.com\/index.php?rest_route=\/wp\/v2\/types\/post"}],"author":[{"embeddable":true,"href":"https:\/\/www.egemtv.com\/index.php?rest_route=\/wp\/v2\/users\/1"}],"replies":[{"embeddable":true,"href":"https:\/\/www.egemtv.com\/index.php?rest_route=%2Fwp%2Fv2%2Fcomments&post=42001"}],"version-history":[{"count":1,"href":"https:\/\/www.egemtv.com\/index.php?rest_route=\/wp\/v2\/posts\/42001\/revisions"}],"predecessor-version":[{"id":42003,"href":"https:\/\/www.egemtv.com\/index.php?rest_route=\/wp\/v2\/posts\/42001\/revisions\/42003"}],"wp:featuredmedia":[{"embeddable":true,"href":"https:\/\/www.egemtv.com\/index.php?rest_route=\/wp\/v2\/media\/42002"}],"wp:attachment":[{"href":"https:\/\/www.egemtv.com\/index.php?rest_route=%2Fwp%2Fv2%2Fmedia&parent=42001"}],"wp:term":[{"taxonomy":"category","embeddable":true,"href":"https:\/\/www.egemtv.com\/index.php?rest_route=%2Fwp%2Fv2%2Fcategories&post=42001"},{"taxonomy":"post_tag","embeddable":true,"href":"https:\/\/www.egemtv.com\/index.php?rest_route=%2Fwp%2Fv2%2Ftags&post=42001"}],"curies":[{"name":"wp","href":"https:\/\/api.w.org\/{rel}","templated":true}]}}