{"id":41998,"date":"2025-07-14T17:56:21","date_gmt":"2025-07-14T14:56:21","guid":{"rendered":"https:\/\/www.egemtv.com\/?p=41998"},"modified":"2025-07-14T17:56:26","modified_gmt":"2025-07-14T14:56:26","slug":"aydina-1-yilda-40-bin-849-kisi-goc-etti","status":"publish","type":"post","link":"https:\/\/www.egemtv.com\/?p=41998","title":{"rendered":"Ayd\u0131n\u2019a 1 y\u0131lda 40 bin 849 ki\u015fi g\u00f6\u00e7 etti"},"content":{"rendered":"<p>Do\u011fal g\u00fczellikleri ve \u00f6ren yerleri ile bir\u00e7ok vatanda\u015f\u0131n rotas\u0131na giren Ayd\u0131n\u2019a 2024 y\u0131l\u0131nda ba\u015fka illerden toplam 40 bin 849 ki\u015fi g\u00f6\u00e7 etti.<\/p>\n<p>T\u00fcrkiye \u0130statistik Kurumu (T\u00dc\u0130K) 2024 y\u0131l\u0131 \u0130\u00e7 G\u00f6\u00e7 \u0130statistikleri\u2019ni payla\u015ft\u0131. Payla\u015f\u0131lan verilere g\u00f6re Ayd\u0131n\u2019a di\u011fer illerden 40 bin 849 ki\u015fi g\u00f6\u00e7 etti. En fazla ald\u0131\u011f\u0131 g\u00f6\u00e7 8 bin 382 ki\u015fi ile aile fertlerinden birine ba\u011f\u0131ml\u0131 g\u00f6\u00e7 olarak ger\u00e7ekle\u015fen Ayd\u0131n\u2019da, en az al\u0131nan ise 242 ki\u015fi ile sa\u011fl\u0131k ve bak\u0131mdan dolay\u0131 g\u00f6\u00e7 olarak ger\u00e7ekle\u015fti. 2023 y\u0131l\u0131nda toplam 52 bin 916 ki\u015finin g\u00f6\u00e7 etti\u011fi Ayd\u0131n\u2019a 2024 y\u0131l\u0131nda 40 bin 849 ki\u015fi g\u00f6\u00e7 ederken, 1 y\u0131ldaki g\u00f6\u00e7 almada yakla\u015f\u0131k y\u00fczde 23\u2019l\u00fck d\u00fc\u015f\u00fc\u015f meydana geldi.<\/p>\n<p>\u00d6te yandan Ayd\u0131n, 2024 y\u0131l\u0131nda \u00e7e\u015fitli sebeplerle toplam 35 bin 832 g\u00f6\u00e7 verdi. En fazla verilen g\u00f6\u00e7 7 bin 44 ki\u015fi ile e\u011fitim nedeniyle olurken, en az verilen g\u00f6\u00e7 ise 177 ki\u015fi ile emeklilik nedeniyle oldu. 2023 y\u0131l\u0131nda toplam 41 bin 605 ki\u015filik g\u00f6\u00e7 veren Ayd\u0131n\u2019da 2024 y\u0131l\u0131nda 35 bin 832 ki\u015fi Ayd\u0131n\u2019dan g\u00f6\u00e7 ederken, 1 y\u0131ldaki g\u00f6\u00e7 vermede yakla\u015f\u0131k y\u00fczde 14\u2019l\u00fck azalma ya\u015fand\u0131.<br \/>\n<br \/>Ayd\u0131n 2024 y\u0131l\u0131nda toplam 40 bin 849 g\u00f6\u00e7 al\u0131rken, 35 bin 832 ki\u015fi g\u00f6\u00e7 verdi. \u0130lin net g\u00f6\u00e7 h\u0131z\u0131 ise binde 4,3 olarak ger\u00e7ekle\u015fti.<br \/><\/p>\n","protected":false},"excerpt":{"rendered":"<p>Do\u011fal g\u00fczellikleri ve \u00f6ren yerleri ile bir\u00e7ok vatanda\u015f\u0131n rotas\u0131na giren Ayd\u0131n\u2019a 2024 y\u0131l\u0131nda ba\u015fka illerden toplam 40 bin 849 ki\u015fi g\u00f6\u00e7 etti. T\u00fcrkiye \u0130statistik Kurumu (T\u00dc\u0130K) 2024 y\u0131l\u0131 \u0130\u00e7 G\u00f6\u00e7 \u0130statistikleri\u2019ni payla\u015ft\u0131. Payla\u015f\u0131lan verilere g\u00f6re Ayd\u0131n\u2019a di\u011fer illerden 40 bin 849 ki\u015fi g\u00f6\u00e7 etti. En fazla ald\u0131\u011f\u0131 g\u00f6\u00e7 8 bin 382 ki\u015fi ile aile fertlerinden&#8230;<\/p>\n","protected":false},"author":1,"featured_media":41999,"comment_status":"open","ping_status":"open","sticky":false,"template":"","format":"standard","meta":{"_crdt_document":"","footnotes":""},"categories":[1],"tags":[],"class_list":["post-41998","post","type-post","status-publish","format-standard","has-post-thumbnail","hentry","category-guncel"],"_links":{"self":[{"href":"https:\/\/www.egemtv.com\/index.php?rest_route=\/wp\/v2\/posts\/41998","targetHints":{"allow":["GET"]}}],"collection":[{"href":"https:\/\/www.egemtv.com\/index.php?rest_route=\/wp\/v2\/posts"}],"about":[{"href":"https:\/\/www.egemtv.com\/index.php?rest_route=\/wp\/v2\/types\/post"}],"author":[{"embeddable":true,"href":"https:\/\/www.egemtv.com\/index.php?rest_route=\/wp\/v2\/users\/1"}],"replies":[{"embeddable":true,"href":"https:\/\/www.egemtv.com\/index.php?rest_route=%2Fwp%2Fv2%2Fcomments&post=41998"}],"version-history":[{"count":1,"href":"https:\/\/www.egemtv.com\/index.php?rest_route=\/wp\/v2\/posts\/41998\/revisions"}],"predecessor-version":[{"id":42000,"href":"https:\/\/www.egemtv.com\/index.php?rest_route=\/wp\/v2\/posts\/41998\/revisions\/42000"}],"wp:featuredmedia":[{"embeddable":true,"href":"https:\/\/www.egemtv.com\/index.php?rest_route=\/wp\/v2\/media\/41999"}],"wp:attachment":[{"href":"https:\/\/www.egemtv.com\/index.php?rest_route=%2Fwp%2Fv2%2Fmedia&parent=41998"}],"wp:term":[{"taxonomy":"category","embeddable":true,"href":"https:\/\/www.egemtv.com\/index.php?rest_route=%2Fwp%2Fv2%2Fcategories&post=41998"},{"taxonomy":"post_tag","embeddable":true,"href":"https:\/\/www.egemtv.com\/index.php?rest_route=%2Fwp%2Fv2%2Ftags&post=41998"}],"curies":[{"name":"wp","href":"https:\/\/api.w.org\/{rel}","templated":true}]}}