{"id":41995,"date":"2025-07-14T17:36:50","date_gmt":"2025-07-14T14:36:50","guid":{"rendered":"https:\/\/www.egemtv.com\/?p=41995"},"modified":"2025-07-14T17:36:55","modified_gmt":"2025-07-14T14:36:55","slug":"hayatini-kaybeden-orman-isletme-personeli-sevinc-topraga-verildi","status":"publish","type":"post","link":"https:\/\/www.egemtv.com\/?p=41995","title":{"rendered":"Hayat\u0131n\u0131 kaybeden orman i\u015fletme personeli Sevin\u00e7 topra\u011fa verildi"},"content":{"rendered":"<p>Nazilli Orman \u0130\u015fletme M\u00fcd\u00fcrl\u00fc\u011f\u00fc Kar\u0131ncal\u0131da\u011f \u0130\u015fletme \u015eefli\u011fi\u2019nde g\u00f6rev yapan ilk m\u00fcdahale arac\u0131 operat\u00f6r\u00fc B\u00fclent Sevin\u00e7 ge\u00e7irdi\u011fi rahats\u0131zl\u0131k sonucu hayat\u0131n\u0131 kaybederken, Sevin\u00e7 d\u00fczenlenen cenaze t\u00f6reninin ard\u0131ndan g\u00f6z ya\u015flar\u0131 i\u00e7erisinde topra\u011fa verildi.<\/p>\n<p>Edinilen bilgiye g\u00f6re, Nazilli Orman \u0130\u015fletme M\u00fcd\u00fcrl\u00fc\u011f\u00fc Kar\u0131ncal\u0131da\u011f \u0130\u015fletme \u015eefli\u011fi\u2019nde g\u00f6rev yapan B\u00fclent Sevin\u00e7 bir s\u00fcre \u00f6nce rahats\u0131zlanarak Nazilli Devlet Hastanesi\u2019ne ba\u015fvurdu. Burada yap\u0131lan muayenesinin ard\u0131ndan Ayd\u0131n Adnan Menderes \u00dcniversitesi Uygulama ve Ara\u015ft\u0131rma Hastanesi\u2019ne sevk edilen Sevin\u00e7, burada bademcik ameliyat\u0131 oldu. Ameliyat sonras\u0131nda durumu k\u00f6t\u00fcle\u015fen Sevin\u00e7 doktorlar\u0131n t\u00fcm \u00e7abalar\u0131na ra\u011fmen kurtar\u0131lamad\u0131. Evli ve 2 \u00e7ocuk babas\u0131 oldu\u011fu \u00f6\u011frenilen Sevin\u00e7\u2019in \u00f6l\u00fcm haberi ailesi ve \u00e7al\u0131\u015fma arkada\u015flar\u0131 ba\u015fta olmak \u00fczere t\u00fcm sevenlerini yasa bo\u011fdu. Sevin\u00e7 i\u00e7in do\u011fum yeri olan Kuyucak\u2019ta cenaze t\u00f6reni d\u00fczenlendi. Sevin\u00e7, k\u0131l\u0131nan cenaze namaz\u0131n\u0131n ard\u0131ndan topra\u011fa verildi.<\/p>\n<p>Cenaze t\u00f6renine; Mu\u011fla Orman B\u00f6lge M\u00fcd\u00fcr\u00fc Mustafa \u00dclk\u00fcd\u00fcr, B\u00f6lge M\u00fcd\u00fcr Yard\u0131mc\u0131lar\u0131 \u00d6zg\u00fcr C\u0131l\u0131z ve Ersen \u00c7etin, OYM \u015eube M\u00fcd\u00fcr\u00fc Fedai Erdemli, Nazilli \u0130\u015fletme M\u00fcd\u00fcr\u00fc H\u00fcseyin Devrim Karasulu ile birlikte \u00e7al\u0131\u015fma arkada\u015flar\u0131 kat\u0131ld\u0131.<br \/><\/p>\n","protected":false},"excerpt":{"rendered":"<p>Nazilli Orman \u0130\u015fletme M\u00fcd\u00fcrl\u00fc\u011f\u00fc Kar\u0131ncal\u0131da\u011f \u0130\u015fletme \u015eefli\u011fi\u2019nde g\u00f6rev yapan ilk m\u00fcdahale arac\u0131 operat\u00f6r\u00fc B\u00fclent Sevin\u00e7 ge\u00e7irdi\u011fi rahats\u0131zl\u0131k sonucu hayat\u0131n\u0131 kaybederken, Sevin\u00e7 d\u00fczenlenen cenaze t\u00f6reninin ard\u0131ndan g\u00f6z ya\u015flar\u0131 i\u00e7erisinde topra\u011fa verildi. Edinilen bilgiye g\u00f6re, Nazilli Orman \u0130\u015fletme M\u00fcd\u00fcrl\u00fc\u011f\u00fc Kar\u0131ncal\u0131da\u011f \u0130\u015fletme \u015eefli\u011fi\u2019nde g\u00f6rev yapan B\u00fclent Sevin\u00e7 bir s\u00fcre \u00f6nce rahats\u0131zlanarak Nazilli Devlet Hastanesi\u2019ne ba\u015fvurdu. Burada yap\u0131lan muayenesinin&#8230;<\/p>\n","protected":false},"author":1,"featured_media":41996,"comment_status":"open","ping_status":"open","sticky":false,"template":"","format":"standard","meta":{"_crdt_document":"","footnotes":""},"categories":[1],"tags":[],"class_list":["post-41995","post","type-post","status-publish","format-standard","has-post-thumbnail","hentry","category-guncel"],"_links":{"self":[{"href":"https:\/\/www.egemtv.com\/index.php?rest_route=\/wp\/v2\/posts\/41995","targetHints":{"allow":["GET"]}}],"collection":[{"href":"https:\/\/www.egemtv.com\/index.php?rest_route=\/wp\/v2\/posts"}],"about":[{"href":"https:\/\/www.egemtv.com\/index.php?rest_route=\/wp\/v2\/types\/post"}],"author":[{"embeddable":true,"href":"https:\/\/www.egemtv.com\/index.php?rest_route=\/wp\/v2\/users\/1"}],"replies":[{"embeddable":true,"href":"https:\/\/www.egemtv.com\/index.php?rest_route=%2Fwp%2Fv2%2Fcomments&post=41995"}],"version-history":[{"count":1,"href":"https:\/\/www.egemtv.com\/index.php?rest_route=\/wp\/v2\/posts\/41995\/revisions"}],"predecessor-version":[{"id":41997,"href":"https:\/\/www.egemtv.com\/index.php?rest_route=\/wp\/v2\/posts\/41995\/revisions\/41997"}],"wp:featuredmedia":[{"embeddable":true,"href":"https:\/\/www.egemtv.com\/index.php?rest_route=\/wp\/v2\/media\/41996"}],"wp:attachment":[{"href":"https:\/\/www.egemtv.com\/index.php?rest_route=%2Fwp%2Fv2%2Fmedia&parent=41995"}],"wp:term":[{"taxonomy":"category","embeddable":true,"href":"https:\/\/www.egemtv.com\/index.php?rest_route=%2Fwp%2Fv2%2Fcategories&post=41995"},{"taxonomy":"post_tag","embeddable":true,"href":"https:\/\/www.egemtv.com\/index.php?rest_route=%2Fwp%2Fv2%2Ftags&post=41995"}],"curies":[{"name":"wp","href":"https:\/\/api.w.org\/{rel}","templated":true}]}}