{"id":41992,"date":"2025-07-14T16:56:27","date_gmt":"2025-07-14T13:56:27","guid":{"rendered":"https:\/\/www.egemtv.com\/?p=41992"},"modified":"2025-07-14T16:56:32","modified_gmt":"2025-07-14T13:56:32","slug":"agaclik-alandaki-yangin-panige-neden-oldu","status":"publish","type":"post","link":"https:\/\/www.egemtv.com\/?p=41992","title":{"rendered":"A\u011fa\u00e7l\u0131k alandaki yang\u0131n pani\u011fe neden oldu"},"content":{"rendered":"<p>Afyonkarahisar\u2019da ormanl\u0131k alanda \u00e7\u0131kan ot yang\u0131n\u0131 itfaiye ve orman i\u015fletme ekiplerinin h\u0131zl\u0131 m\u00fcdahalesi ile b\u00fcy\u00fcmeden s\u00f6nd\u00fcr\u00fcld\u00fc.<br \/>\n<br \/>Yang\u0131n kent merkezi H\u0131d\u0131rl\u0131k tepesi diye adland\u0131r\u0131lan b\u00f6lgedeki a\u00e7l\u0131k alanda meydana geldi. B\u00f6lgeden dumanlar \u00e7\u0131kt\u0131\u011f\u0131n\u0131 g\u00f6ren \u00e7evre sakinleri durumu itfaiye bildirerek yard\u0131m istedi. \u0130hbar \u00fczerine b\u00f6lgeye \u00e7ok say\u0131da itfaiye ekibi ile birlikte Orman \u0130\u015fletme M\u00fcd\u00fcrl\u00fc\u011f\u00fc\u2019ne ait araz\u00f6zlar sevk edildi. A\u011fa\u00e7l\u0131k alandaki otlar\u0131n yand\u0131\u011f\u0131 olayda geni\u015f bir alan zarar g\u00f6r\u00fcrken baz\u0131 a\u011fa\u00e7larda yang\u0131ndan etkilendi. Yang\u0131n ekiplerin zaman\u0131nda m\u00fcdahalesi ile b\u00fcy\u00fcmeden kontrol alt\u0131na al\u0131n\u0131rken yakla\u015f\u0131k yar\u0131m saat s\u00fcren m\u00fcdahale sonras\u0131 tamamen s\u00f6nd\u00fcr\u00fcld\u00fc.<br \/><\/p>\n","protected":false},"excerpt":{"rendered":"<p>Afyonkarahisar\u2019da ormanl\u0131k alanda \u00e7\u0131kan ot yang\u0131n\u0131 itfaiye ve orman i\u015fletme ekiplerinin h\u0131zl\u0131 m\u00fcdahalesi ile b\u00fcy\u00fcmeden s\u00f6nd\u00fcr\u00fcld\u00fc. Yang\u0131n kent merkezi H\u0131d\u0131rl\u0131k tepesi diye adland\u0131r\u0131lan b\u00f6lgedeki a\u00e7l\u0131k alanda meydana geldi. B\u00f6lgeden dumanlar \u00e7\u0131kt\u0131\u011f\u0131n\u0131 g\u00f6ren \u00e7evre sakinleri durumu itfaiye bildirerek yard\u0131m istedi. \u0130hbar \u00fczerine b\u00f6lgeye \u00e7ok say\u0131da itfaiye ekibi ile birlikte Orman \u0130\u015fletme M\u00fcd\u00fcrl\u00fc\u011f\u00fc\u2019ne ait araz\u00f6zlar sevk edildi&#8230;.<\/p>\n","protected":false},"author":1,"featured_media":41993,"comment_status":"open","ping_status":"open","sticky":false,"template":"","format":"standard","meta":{"_crdt_document":"","footnotes":""},"categories":[5],"tags":[],"class_list":["post-41992","post","type-post","status-publish","format-standard","has-post-thumbnail","hentry","category-asayis"],"_links":{"self":[{"href":"https:\/\/www.egemtv.com\/index.php?rest_route=\/wp\/v2\/posts\/41992","targetHints":{"allow":["GET"]}}],"collection":[{"href":"https:\/\/www.egemtv.com\/index.php?rest_route=\/wp\/v2\/posts"}],"about":[{"href":"https:\/\/www.egemtv.com\/index.php?rest_route=\/wp\/v2\/types\/post"}],"author":[{"embeddable":true,"href":"https:\/\/www.egemtv.com\/index.php?rest_route=\/wp\/v2\/users\/1"}],"replies":[{"embeddable":true,"href":"https:\/\/www.egemtv.com\/index.php?rest_route=%2Fwp%2Fv2%2Fcomments&post=41992"}],"version-history":[{"count":1,"href":"https:\/\/www.egemtv.com\/index.php?rest_route=\/wp\/v2\/posts\/41992\/revisions"}],"predecessor-version":[{"id":41994,"href":"https:\/\/www.egemtv.com\/index.php?rest_route=\/wp\/v2\/posts\/41992\/revisions\/41994"}],"wp:featuredmedia":[{"embeddable":true,"href":"https:\/\/www.egemtv.com\/index.php?rest_route=\/wp\/v2\/media\/41993"}],"wp:attachment":[{"href":"https:\/\/www.egemtv.com\/index.php?rest_route=%2Fwp%2Fv2%2Fmedia&parent=41992"}],"wp:term":[{"taxonomy":"category","embeddable":true,"href":"https:\/\/www.egemtv.com\/index.php?rest_route=%2Fwp%2Fv2%2Fcategories&post=41992"},{"taxonomy":"post_tag","embeddable":true,"href":"https:\/\/www.egemtv.com\/index.php?rest_route=%2Fwp%2Fv2%2Ftags&post=41992"}],"curies":[{"name":"wp","href":"https:\/\/api.w.org\/{rel}","templated":true}]}}