{"id":41989,"date":"2025-07-14T16:56:19","date_gmt":"2025-07-14T13:56:19","guid":{"rendered":"https:\/\/www.egemtv.com\/?p=41989"},"modified":"2025-07-14T16:56:27","modified_gmt":"2025-07-14T13:56:27","slug":"vali-akbiyik-sosyal-medya-hesabindan-uyardi","status":"publish","type":"post","link":"https:\/\/www.egemtv.com\/?p=41989","title":{"rendered":"Vali Akb\u0131y\u0131k sosyal medya hesab\u0131ndan uyard\u0131"},"content":{"rendered":"<p>Mu\u011fla Valisi Dr. \u0130dris Akb\u0131y\u0131k, sosyal medya hesab\u0131ndan yapt\u0131\u011f\u0131 payla\u015f\u0131m\u0131nda Dat\u00e7a\u2019da seyir halindeki bir motosikletlinin yere sigara izmariti att\u0131\u011f\u0131 videoyu payla\u015farak &#8220;K\u00fc\u00e7\u00fck bir izmarit, orman yang\u0131nlar\u0131na neden olabilecek b\u00fcy\u00fck bir tehdittir. Mu\u011fla\u2019m\u0131zda yol kenar\u0131na izmarit ve \u00e7\u00f6p atan \u015fah\u0131slara m\u00fcsamaha g\u00f6sterilmemekte, \u0130dari para cezas\u0131 uygulanmaktad\u0131r&#8221; uyar\u0131s\u0131nda bulundu.<br \/>\n<br \/>Dat\u00e7a giri\u015finde seyreden bir motosikletli ve arkas\u0131nda bulunan yolcunun ellerinde sigara ile hareket ettikleri ve sigara izmaritini yere att\u0131klar\u0131 o anlar arkas\u0131nda seyreden bir ba\u015fka ara\u00e7 taraf\u0131ndan videoya al\u0131nd\u0131. Duyarl\u0131 vatanda\u015f vidoyu payla\u015f\u0131nca yetkililer harekete ge\u00e7ti.<br \/>\n<br \/>Mu\u011fla Valisi Dr. \u0130dris Akb\u0131y\u0131k, da yere sigara izmaritinin at\u0131ld\u0131\u011f\u0131 videoyu sosyal medya hesab\u0131ndan payla\u015farak uyar\u0131da bulundu. Vali Akb\u0131y\u0131k, &#8220;K\u00fc\u00e7\u00fck bir izmarit, orman yang\u0131nlar\u0131na neden olabilecek b\u00fcy\u00fck bir tehdittir. Mu\u011fla\u2019m\u0131zda yol kenar\u0131na izmarit ve \u00e7\u00f6p atan \u015fah\u0131slara m\u00fcsamaha g\u00f6sterilmemekte, idari para cezas\u0131 uygulanmaktad\u0131r. Yang\u0131n riskinin \u00fcst seviyede oldu\u011fu bu g\u00fcnlerde; l\u00fctfen, duyarl\u0131, dikkatli ve tedbirli olal\u0131m. \u00c7\u00f6p atma, sigara izmariti atma, ate\u015f yakma, an\u0131z yakma. L\u00fctfen kurallara uyal\u0131m uymayanlar\u0131 uyaral\u0131m. Uyar\u0131lara dikkat etmeyenleri 112 Acil \u00c7a\u011fr\u0131 Merkezine iletelim. Do\u011fay\u0131 koruman\u0131n bir tercih de\u011fil, sorumluluk oldu\u011fu bilinciyle yery\u00fcz\u00fc cenneti Mu\u011fla\u2019m\u0131za hep birlikte sahip \u00e7\u0131kal\u0131m&#8221; dedi.<br \/><\/p>\n","protected":false},"excerpt":{"rendered":"<p>Mu\u011fla Valisi Dr. \u0130dris Akb\u0131y\u0131k, sosyal medya hesab\u0131ndan yapt\u0131\u011f\u0131 payla\u015f\u0131m\u0131nda Dat\u00e7a\u2019da seyir halindeki bir motosikletlinin yere sigara izmariti att\u0131\u011f\u0131 videoyu payla\u015farak &#8220;K\u00fc\u00e7\u00fck bir izmarit, orman yang\u0131nlar\u0131na neden olabilecek b\u00fcy\u00fck bir tehdittir. Mu\u011fla\u2019m\u0131zda yol kenar\u0131na izmarit ve \u00e7\u00f6p atan \u015fah\u0131slara m\u00fcsamaha g\u00f6sterilmemekte, \u0130dari para cezas\u0131 uygulanmaktad\u0131r&#8221; uyar\u0131s\u0131nda bulundu. Dat\u00e7a giri\u015finde seyreden bir motosikletli ve arkas\u0131nda bulunan&#8230;<\/p>\n","protected":false},"author":1,"featured_media":41990,"comment_status":"open","ping_status":"open","sticky":false,"template":"","format":"standard","meta":{"_crdt_document":"","footnotes":""},"categories":[5],"tags":[],"class_list":["post-41989","post","type-post","status-publish","format-standard","has-post-thumbnail","hentry","category-asayis"],"_links":{"self":[{"href":"https:\/\/www.egemtv.com\/index.php?rest_route=\/wp\/v2\/posts\/41989","targetHints":{"allow":["GET"]}}],"collection":[{"href":"https:\/\/www.egemtv.com\/index.php?rest_route=\/wp\/v2\/posts"}],"about":[{"href":"https:\/\/www.egemtv.com\/index.php?rest_route=\/wp\/v2\/types\/post"}],"author":[{"embeddable":true,"href":"https:\/\/www.egemtv.com\/index.php?rest_route=\/wp\/v2\/users\/1"}],"replies":[{"embeddable":true,"href":"https:\/\/www.egemtv.com\/index.php?rest_route=%2Fwp%2Fv2%2Fcomments&post=41989"}],"version-history":[{"count":1,"href":"https:\/\/www.egemtv.com\/index.php?rest_route=\/wp\/v2\/posts\/41989\/revisions"}],"predecessor-version":[{"id":41991,"href":"https:\/\/www.egemtv.com\/index.php?rest_route=\/wp\/v2\/posts\/41989\/revisions\/41991"}],"wp:featuredmedia":[{"embeddable":true,"href":"https:\/\/www.egemtv.com\/index.php?rest_route=\/wp\/v2\/media\/41990"}],"wp:attachment":[{"href":"https:\/\/www.egemtv.com\/index.php?rest_route=%2Fwp%2Fv2%2Fmedia&parent=41989"}],"wp:term":[{"taxonomy":"category","embeddable":true,"href":"https:\/\/www.egemtv.com\/index.php?rest_route=%2Fwp%2Fv2%2Fcategories&post=41989"},{"taxonomy":"post_tag","embeddable":true,"href":"https:\/\/www.egemtv.com\/index.php?rest_route=%2Fwp%2Fv2%2Ftags&post=41989"}],"curies":[{"name":"wp","href":"https:\/\/api.w.org\/{rel}","templated":true}]}}