{"id":41986,"date":"2025-07-14T16:37:10","date_gmt":"2025-07-14T13:37:10","guid":{"rendered":"https:\/\/www.egemtv.com\/?p=41986"},"modified":"2025-07-14T16:37:15","modified_gmt":"2025-07-14T13:37:15","slug":"turgutlu-tarihi-belgeselinin-yeni-bolumleri-hazirlaniyor","status":"publish","type":"post","link":"https:\/\/www.egemtv.com\/?p=41986","title":{"rendered":"Turgutlu tarihi belgeselinin yeni b\u00f6l\u00fcmleri haz\u0131rlan\u0131yor"},"content":{"rendered":"<p>Turgutlu Belediyesi K\u00fclt\u00fcr ve Sosyal \u0130\u015fler M\u00fcd\u00fcrl\u00fc\u011f\u00fcne ba\u011fl\u0131 olarak \u00e7al\u0131\u015fmalar\u0131n\u0131 s\u00fcrd\u00fcren Turgutlu Kent M\u00fczesi taraf\u0131ndan haz\u0131rlanan Turgutlu tarihi belgeselinin yeni b\u00f6l\u00fcmleri \u00f6n\u00fcm\u00fczdeki g\u00fcnlerde g\u00f6sterime sunulacak. Bug\u00fcne kadar 35 b\u00f6l\u00fcm\u00fc yay\u0131nlanan belgesel, olduk\u00e7a ilgi g\u00f6rm\u00fc\u015f ve izleyicilerin be\u011fenisini kazanm\u0131\u015ft\u0131.<br \/>\n<br \/>Turgutlu Kent M\u00fczesi b\u00fcnyesinde haz\u0131rlanan Turgutlu tarihi belgeselinin yeni b\u00f6l\u00fcmlerinin \u00e7ekimlerine ba\u015fland\u0131. Bug\u00fcne kadar 35 b\u00f6l\u00fcm\u00fc yay\u0131nlanan ve T\u00fcrkiye\u2019de bir ilk olarak yerel tarih konulu b\u00f6ylesine uzun soluklu bir yap\u0131m olan belgesel, YouTube \u00fczerinden \u015fu ana kadar 100 binden fazla izleyiciye ula\u015ft\u0131. Turgutlu Kent M\u00fczesi Sorumlusu Mehmet G\u00f6kyayla\u2019n\u0131n anlat\u0131m\u0131 ve d\u00f6nem g\u00f6rselleri ile ilerleyen belgeselin \u015fu ana dek 354 b\u00f6l\u00fcm\u00fc yay\u0131nlanm\u0131\u015ft\u0131. Belgeselde daha bir\u00e7ok konunun ele al\u0131naca\u011f\u0131n\u0131 belirten Turgutlu Belediye Ba\u015fkan\u0131 \u00c7etin Ak\u0131n, &#8220;Ya\u015fad\u0131\u011f\u0131m\u0131z yerin tarihini ne kadar iyi bilirsek oray\u0131 da \u00f6ylesine \u00e7ok sahiplenebiliriz. M\u00fczemizin b\u00fcnyesindeki t\u00fcm \u00e7al\u0131\u015fmalar\u0131m\u0131z benzer mant\u0131kla ger\u00e7ekle\u015ftiriliyor. Belgeselimiz de bunlardan bir tanesi. \u015eu ana kadar yay\u0131nlad\u0131\u011f\u0131m\u0131z b\u00f6l\u00fcmlere izleyicilerin, hem\u015fehrilerimizin ilgisi de bizleri \u00e7ok memnun ediyor. \u00d6n\u00fcm\u00fczdeki haftalardan itibaren yeni b\u00f6l\u00fcmlerimizde hem\u015fehrilerimizin kar\u015f\u0131s\u0131nda olaca\u011f\u0131z&#8221; \u015feklinde konu\u015ftu.<br \/><\/p>\n","protected":false},"excerpt":{"rendered":"<p>Turgutlu Belediyesi K\u00fclt\u00fcr ve Sosyal \u0130\u015fler M\u00fcd\u00fcrl\u00fc\u011f\u00fcne ba\u011fl\u0131 olarak \u00e7al\u0131\u015fmalar\u0131n\u0131 s\u00fcrd\u00fcren Turgutlu Kent M\u00fczesi taraf\u0131ndan haz\u0131rlanan Turgutlu tarihi belgeselinin yeni b\u00f6l\u00fcmleri \u00f6n\u00fcm\u00fczdeki g\u00fcnlerde g\u00f6sterime sunulacak. Bug\u00fcne kadar 35 b\u00f6l\u00fcm\u00fc yay\u0131nlanan belgesel, olduk\u00e7a ilgi g\u00f6rm\u00fc\u015f ve izleyicilerin be\u011fenisini kazanm\u0131\u015ft\u0131. Turgutlu Kent M\u00fczesi b\u00fcnyesinde haz\u0131rlanan Turgutlu tarihi belgeselinin yeni b\u00f6l\u00fcmlerinin \u00e7ekimlerine ba\u015fland\u0131. Bug\u00fcne kadar 35 b\u00f6l\u00fcm\u00fc yay\u0131nlanan&#8230;<\/p>\n","protected":false},"author":1,"featured_media":41987,"comment_status":"open","ping_status":"open","sticky":false,"template":"","format":"standard","meta":{"_crdt_document":"","footnotes":""},"categories":[1],"tags":[],"class_list":["post-41986","post","type-post","status-publish","format-standard","has-post-thumbnail","hentry","category-guncel"],"_links":{"self":[{"href":"https:\/\/www.egemtv.com\/index.php?rest_route=\/wp\/v2\/posts\/41986","targetHints":{"allow":["GET"]}}],"collection":[{"href":"https:\/\/www.egemtv.com\/index.php?rest_route=\/wp\/v2\/posts"}],"about":[{"href":"https:\/\/www.egemtv.com\/index.php?rest_route=\/wp\/v2\/types\/post"}],"author":[{"embeddable":true,"href":"https:\/\/www.egemtv.com\/index.php?rest_route=\/wp\/v2\/users\/1"}],"replies":[{"embeddable":true,"href":"https:\/\/www.egemtv.com\/index.php?rest_route=%2Fwp%2Fv2%2Fcomments&post=41986"}],"version-history":[{"count":1,"href":"https:\/\/www.egemtv.com\/index.php?rest_route=\/wp\/v2\/posts\/41986\/revisions"}],"predecessor-version":[{"id":41988,"href":"https:\/\/www.egemtv.com\/index.php?rest_route=\/wp\/v2\/posts\/41986\/revisions\/41988"}],"wp:featuredmedia":[{"embeddable":true,"href":"https:\/\/www.egemtv.com\/index.php?rest_route=\/wp\/v2\/media\/41987"}],"wp:attachment":[{"href":"https:\/\/www.egemtv.com\/index.php?rest_route=%2Fwp%2Fv2%2Fmedia&parent=41986"}],"wp:term":[{"taxonomy":"category","embeddable":true,"href":"https:\/\/www.egemtv.com\/index.php?rest_route=%2Fwp%2Fv2%2Fcategories&post=41986"},{"taxonomy":"post_tag","embeddable":true,"href":"https:\/\/www.egemtv.com\/index.php?rest_route=%2Fwp%2Fv2%2Ftags&post=41986"}],"curies":[{"name":"wp","href":"https:\/\/api.w.org\/{rel}","templated":true}]}}