{"id":41950,"date":"2025-07-14T15:16:17","date_gmt":"2025-07-14T12:16:17","guid":{"rendered":"https:\/\/www.egemtv.com\/?p=41950"},"modified":"2025-07-14T15:16:19","modified_gmt":"2025-07-14T12:16:19","slug":"manisada-yillarin-su-kuyulari-kurudu","status":"publish","type":"post","link":"https:\/\/www.egemtv.com\/?p=41950","title":{"rendered":"Manisa\u2019da y\u0131llar\u0131n su kuyular\u0131 kurudu"},"content":{"rendered":"<p>Manisa\u2019n\u0131n Sar\u0131g\u00f6l il\u00e7esine ba\u011fl\u0131 Dada\u011fl\u0131 Mahallesi ba\u015fta olmak \u00fczere bir\u00e7ok k\u0131rsal mahallede, ge\u00e7mi\u015fte hay\u0131rseverler taraf\u0131ndan yapt\u0131r\u0131lan tulumbal\u0131 ve \u00e7\u0131kr\u0131kl\u0131 su kuyular\u0131, iklim de\u011fi\u015fikli\u011fi ve yer alt\u0131 su seviyesindeki d\u00fc\u015f\u00fc\u015f nedeniyle tamamen kurudu. Baz\u0131 \u00e7e\u015fmeler ise zar zor ayakta kalmaya \u00e7al\u0131\u015f\u0131yor.<br \/>\n<br \/>Yakla\u015f\u0131k 50-60 y\u0131l \u00f6nce k\u0131rsal alanlara, yaban hayvanlar\u0131 ve mahalle halk\u0131n\u0131n su ihtiyac\u0131n\u0131 kar\u015f\u0131lamak amac\u0131yla yap\u0131lan su hayratlar\u0131 art\u0131k i\u015flevini yitirdi. Eskiden birka\u00e7 metrelik derinlikte suya ula\u015f\u0131l\u0131rken, g\u00fcn\u00fcm\u00fczde yer alt\u0131 suyuna ula\u015fmak i\u00e7in y\u00fczlerce metre derinli\u011fe inilmesi gerekiyor.<br \/>\n<br \/>K\u00f6yl\u00fcler ve \u00e7evreciler, su kaynaklar\u0131n\u0131n kurumas\u0131ndan dolay\u0131 b\u00fcy\u00fck \u00fcz\u00fcnt\u00fc ya\u015farken, do\u011fal ya\u015fam\u0131n da bu durumdan olumsuz etkilendi\u011fini ifade etti.<br \/>\n<br \/>\u00c7evreci Serhat Akkaya konuyla ilgili yapt\u0131\u011f\u0131 a\u00e7\u0131klamada, &#8220;Eskiden mahallelerde hay\u0131rseverler da\u011flarda su kaynaklar\u0131 bulur, oraya tulumba ya da \u00e7\u0131kr\u0131kla \u00e7al\u0131\u015fan kuyular yaparlard\u0131. Bu kuyular\u0131n \u00f6n\u00fcne k\u00fc\u00e7\u00fck bir havuz yap\u0131larak yaban hayvanlar\u0131n\u0131n da su i\u00e7mesi sa\u011flan\u0131rd\u0131. \u015eimdilerde ise bu hayratlar\u0131n tamam\u0131 kurumu\u015f durumda. Eskiden tulumba ile g\u00fcn y\u00fcz\u00fcne \u00e7\u0131kan su, bug\u00fcn yerin metrelerce alt\u0131nda zor bulunuyor. Suyun k\u0131ymetini vaktinde bilmek gerek&#8221; dedi.<br \/>\n<br \/>\u00d6te yandan Emcelli Mahallesi Ka\u00e7akdere mevkiinde bulunan baz\u0131 hayrat \u00e7e\u015fmelerinin de tamamen kurudu\u011fu, baz\u0131lar\u0131n\u0131n ise \u00e7ok az miktarda su ak\u0131tt\u0131\u011f\u0131 bildirildi. Vatanda\u015flar ise, bu \u00e7e\u015fmelerin restore edilerek yeniden kullan\u0131labilir hale getirilmesi i\u00e7in yetkililerden destek beklediklerini s\u00f6yledi.<br \/><\/p>\n","protected":false},"excerpt":{"rendered":"<p>Manisa\u2019n\u0131n Sar\u0131g\u00f6l il\u00e7esine ba\u011fl\u0131 Dada\u011fl\u0131 Mahallesi ba\u015fta olmak \u00fczere bir\u00e7ok k\u0131rsal mahallede, ge\u00e7mi\u015fte hay\u0131rseverler taraf\u0131ndan yapt\u0131r\u0131lan tulumbal\u0131 ve \u00e7\u0131kr\u0131kl\u0131 su kuyular\u0131, iklim de\u011fi\u015fikli\u011fi ve yer alt\u0131 su seviyesindeki d\u00fc\u015f\u00fc\u015f nedeniyle tamamen kurudu. Baz\u0131 \u00e7e\u015fmeler ise zar zor ayakta kalmaya \u00e7al\u0131\u015f\u0131yor. Yakla\u015f\u0131k 50-60 y\u0131l \u00f6nce k\u0131rsal alanlara, yaban hayvanlar\u0131 ve mahalle halk\u0131n\u0131n su ihtiyac\u0131n\u0131 kar\u015f\u0131lamak amac\u0131yla&#8230;<\/p>\n","protected":false},"author":1,"featured_media":41951,"comment_status":"open","ping_status":"open","sticky":false,"template":"","format":"standard","meta":{"_crdt_document":"","footnotes":""},"categories":[1],"tags":[],"class_list":["post-41950","post","type-post","status-publish","format-standard","has-post-thumbnail","hentry","category-guncel"],"_links":{"self":[{"href":"https:\/\/www.egemtv.com\/index.php?rest_route=\/wp\/v2\/posts\/41950","targetHints":{"allow":["GET"]}}],"collection":[{"href":"https:\/\/www.egemtv.com\/index.php?rest_route=\/wp\/v2\/posts"}],"about":[{"href":"https:\/\/www.egemtv.com\/index.php?rest_route=\/wp\/v2\/types\/post"}],"author":[{"embeddable":true,"href":"https:\/\/www.egemtv.com\/index.php?rest_route=\/wp\/v2\/users\/1"}],"replies":[{"embeddable":true,"href":"https:\/\/www.egemtv.com\/index.php?rest_route=%2Fwp%2Fv2%2Fcomments&post=41950"}],"version-history":[{"count":1,"href":"https:\/\/www.egemtv.com\/index.php?rest_route=\/wp\/v2\/posts\/41950\/revisions"}],"predecessor-version":[{"id":41952,"href":"https:\/\/www.egemtv.com\/index.php?rest_route=\/wp\/v2\/posts\/41950\/revisions\/41952"}],"wp:featuredmedia":[{"embeddable":true,"href":"https:\/\/www.egemtv.com\/index.php?rest_route=\/wp\/v2\/media\/41951"}],"wp:attachment":[{"href":"https:\/\/www.egemtv.com\/index.php?rest_route=%2Fwp%2Fv2%2Fmedia&parent=41950"}],"wp:term":[{"taxonomy":"category","embeddable":true,"href":"https:\/\/www.egemtv.com\/index.php?rest_route=%2Fwp%2Fv2%2Fcategories&post=41950"},{"taxonomy":"post_tag","embeddable":true,"href":"https:\/\/www.egemtv.com\/index.php?rest_route=%2Fwp%2Fv2%2Ftags&post=41950"}],"curies":[{"name":"wp","href":"https:\/\/api.w.org\/{rel}","templated":true}]}}