{"id":41947,"date":"2025-07-14T14:57:58","date_gmt":"2025-07-14T11:57:58","guid":{"rendered":"https:\/\/www.egemtv.com\/?p=41947"},"modified":"2025-07-14T14:58:03","modified_gmt":"2025-07-14T11:58:03","slug":"yahside-su-isale-hatti-patladi-yol-trafige-kapandi","status":"publish","type":"post","link":"https:\/\/www.egemtv.com\/?p=41947","title":{"rendered":"Yah\u015fi\u2019de su isale hatt\u0131 patlad\u0131, yol trafi\u011fe kapand\u0131"},"content":{"rendered":"<p>Mu\u011fla\u2019n\u0131n Bodrum il\u00e7esinde ana su isale hatt\u0131nda patlama meydana geldi. Patlaman\u0131n etkisiyle asfalt\u0131n bir b\u00f6l\u00fcm\u00fc \u00e7\u00f6kerken, metrelerce y\u00fckse\u011fe f\u0131\u015fk\u0131ran su, \u00e7evredeki cadde ve sokaklar\u0131 g\u00f6le \u00e7evirdi.<br \/>\n<br \/>Olay Bodrum\u2019a ba\u011fl\u0131 Yah\u015fi Mahallesi\u2019nde gece saatlerinde meydana geldi. B\u00fcy\u00fck bir g\u00fcr\u00fclt\u00fcyle patlayan ana isale hatt\u0131, b\u00f6lgede pani\u011fe yol a\u00e7t\u0131. Patlaman\u0131n etkisiyle asfalt\u0131n bir b\u00f6l\u00fcm\u00fc \u00e7\u00f6kerken, metrelerce y\u00fckse\u011fe f\u0131\u015fk\u0131ran su, \u00e7evredeki cadde ve sokaklar\u0131 g\u00f6le \u00e7evirdi.<br \/>\n<br \/>\u0130hbar \u00fczerine b\u00f6lgeye sevk edilen Mu\u011fla Su ve Kanalizasyon \u0130daresi (MUSK\u0130) ekipleri, hasar\u0131n giderilmesi i\u00e7in \u00e7al\u0131\u015fma ba\u015flatt\u0131. Yol g\u00fcvenlik \u015feridiyle kapat\u0131l\u0131rken, ekipler onar\u0131m \u00e7al\u0131\u015fmas\u0131 ba\u015flatt\u0131.<br \/>\n<br \/>Yetkililer, ara\u00e7 trafi\u011fine kapanan yolda s\u00fcr\u00fcc\u00fclerin alternatif g\u00fczergahlar\u0131 kullanmalar\u0131 gerekti\u011fini bildirdi.<br \/><\/p>\n","protected":false},"excerpt":{"rendered":"<p>Mu\u011fla\u2019n\u0131n Bodrum il\u00e7esinde ana su isale hatt\u0131nda patlama meydana geldi. Patlaman\u0131n etkisiyle asfalt\u0131n bir b\u00f6l\u00fcm\u00fc \u00e7\u00f6kerken, metrelerce y\u00fckse\u011fe f\u0131\u015fk\u0131ran su, \u00e7evredeki cadde ve sokaklar\u0131 g\u00f6le \u00e7evirdi. Olay Bodrum\u2019a ba\u011fl\u0131 Yah\u015fi Mahallesi\u2019nde gece saatlerinde meydana geldi. B\u00fcy\u00fck bir g\u00fcr\u00fclt\u00fcyle patlayan ana isale hatt\u0131, b\u00f6lgede pani\u011fe yol a\u00e7t\u0131. Patlaman\u0131n etkisiyle asfalt\u0131n bir b\u00f6l\u00fcm\u00fc \u00e7\u00f6kerken, metrelerce y\u00fckse\u011fe f\u0131\u015fk\u0131ran&#8230;<\/p>\n","protected":false},"author":1,"featured_media":41948,"comment_status":"open","ping_status":"open","sticky":false,"template":"","format":"standard","meta":{"_crdt_document":"","footnotes":""},"categories":[5],"tags":[],"class_list":["post-41947","post","type-post","status-publish","format-standard","has-post-thumbnail","hentry","category-asayis"],"_links":{"self":[{"href":"https:\/\/www.egemtv.com\/index.php?rest_route=\/wp\/v2\/posts\/41947","targetHints":{"allow":["GET"]}}],"collection":[{"href":"https:\/\/www.egemtv.com\/index.php?rest_route=\/wp\/v2\/posts"}],"about":[{"href":"https:\/\/www.egemtv.com\/index.php?rest_route=\/wp\/v2\/types\/post"}],"author":[{"embeddable":true,"href":"https:\/\/www.egemtv.com\/index.php?rest_route=\/wp\/v2\/users\/1"}],"replies":[{"embeddable":true,"href":"https:\/\/www.egemtv.com\/index.php?rest_route=%2Fwp%2Fv2%2Fcomments&post=41947"}],"version-history":[{"count":1,"href":"https:\/\/www.egemtv.com\/index.php?rest_route=\/wp\/v2\/posts\/41947\/revisions"}],"predecessor-version":[{"id":41949,"href":"https:\/\/www.egemtv.com\/index.php?rest_route=\/wp\/v2\/posts\/41947\/revisions\/41949"}],"wp:featuredmedia":[{"embeddable":true,"href":"https:\/\/www.egemtv.com\/index.php?rest_route=\/wp\/v2\/media\/41948"}],"wp:attachment":[{"href":"https:\/\/www.egemtv.com\/index.php?rest_route=%2Fwp%2Fv2%2Fmedia&parent=41947"}],"wp:term":[{"taxonomy":"category","embeddable":true,"href":"https:\/\/www.egemtv.com\/index.php?rest_route=%2Fwp%2Fv2%2Fcategories&post=41947"},{"taxonomy":"post_tag","embeddable":true,"href":"https:\/\/www.egemtv.com\/index.php?rest_route=%2Fwp%2Fv2%2Ftags&post=41947"}],"curies":[{"name":"wp","href":"https:\/\/api.w.org\/{rel}","templated":true}]}}