{"id":41944,"date":"2025-07-14T14:35:33","date_gmt":"2025-07-14T11:35:33","guid":{"rendered":"https:\/\/www.egemtv.com\/?p=41944"},"modified":"2025-07-14T14:35:38","modified_gmt":"2025-07-14T11:35:38","slug":"manisa-muaythai-takimindan-turkiye-sampiyonasinda-5-madalya","status":"publish","type":"post","link":"https:\/\/www.egemtv.com\/?p=41944","title":{"rendered":"Manisa Muaythai Tak\u0131m\u0131ndan T\u00fcrkiye \u015eampiyonas\u0131\u2019nda 5 madalya"},"content":{"rendered":"<p>K\u0131rklareli\u2019nde ger\u00e7ekle\u015ftirilen \u2019Hayrullah Camadan Gen\u00e7ler T\u00fcrkiye Muaythai \u015eampiyonas\u0131\u2019na 11 sporcusu ile kat\u0131lan Manisa Muaythai Tak\u0131m\u0131 toplam 5 madalya kazanarak b\u00fcy\u00fck bir ba\u015far\u0131ya imza atarken, alt\u0131n madalya kazanan 2 sporcusu da milli tak\u0131m formas\u0131yla T\u00fcrkiye\u2019yi temsil etme hakk\u0131n\u0131 kazand\u0131.<br \/>\n<br \/>T\u00fcrkiye Muaythai Federasyonu\u2019nun 2025 y\u0131l\u0131 faaliyet takviminde yer alan &#8220;Hayrullah Camadan Gen\u00e7ler T\u00fcrkiye Muaythai \u015eampiyonas\u0131&#8221; K\u0131rklareli Gen\u00e7lik ve Spor \u0130l M\u00fcd\u00fcrl\u00fc\u011f\u00fc Yeni Kapal\u0131 Spor Salonu\u2019nda ger\u00e7ekle\u015ftirildi. 40 ilden yakla\u015f\u0131k 400 sporcunun kat\u0131ld\u0131\u011f\u0131 \u015fampiyonada Manisa\u2019y\u0131 temsil eden sporcular, b\u00fcy\u00fck ba\u015far\u0131ya imza att\u0131. Manisa kafilesi \u015fampiyonaya 11 sporcu ile kat\u0131l\u0131rken, toplamda 5 madalya kazan\u0131rken iki sporcusu da milli tak\u0131m formas\u0131yla T\u00fcrkiye\u2019yi temsil etme hakk\u0131 kazand\u0131.<br \/>\n<br \/>Manisa tak\u0131m\u0131ndan Tevfik Berk K\u00f6ro\u011flu ve Ay\u015fenur K\u00f6ksal T\u00fcrkiye \u015fampiyonu olarak alt\u0131n madalya kazan\u0131rken, Zakire Nur Y\u0131ld\u0131z ve Beste G\u00fcl Varol T\u00fcrkiye ikincisi olarak g\u00fcm\u00fc\u015f madalya kazand\u0131. Alper Y\u0131lmazkan ise bronz madalya kazand\u0131.<br \/>\n<br \/>T\u00fcrkiye \u015fampiyonu olan Tevfik Berk K\u00f6ro\u011flu ve Ay\u015fenur K\u00f6ksal, \u00f6n\u00fcm\u00fczdeki aylarda yap\u0131lacak olan uluslararas\u0131 \u015fampiyonada T\u00fcrkiye\u2019yi Ay Y\u0131ld\u0131zl\u0131 forma ile temsil edecek.<br \/>\n<br \/>Manisa Muaythai \u0130l Temsilcisi Ahmet E. Demiraslan, \u015fampiyonada eme\u011fi ge\u00e7en t\u00fcm antren\u00f6rlere, sporculara ve ailelerine te\u015fekk\u00fcr ederek, &#8220;Sporcular\u0131m\u0131z b\u00fcy\u00fck bir m\u00fccadele ortaya koydu. 11 sporcuyla kat\u0131ld\u0131\u011f\u0131m\u0131z \u015fampiyonadan 5 madalya ile d\u00f6nmek bizleri gururland\u0131rd\u0131. Uluslararas\u0131 alanda \u00fclkemizi temsil edecek olan sporcular\u0131m\u0131za \u015fimdiden ba\u015far\u0131lar diliyorum&#8221; dedi.<br \/><\/p>\n","protected":false},"excerpt":{"rendered":"<p>K\u0131rklareli\u2019nde ger\u00e7ekle\u015ftirilen \u2019Hayrullah Camadan Gen\u00e7ler T\u00fcrkiye Muaythai \u015eampiyonas\u0131\u2019na 11 sporcusu ile kat\u0131lan Manisa Muaythai Tak\u0131m\u0131 toplam 5 madalya kazanarak b\u00fcy\u00fck bir ba\u015far\u0131ya imza atarken, alt\u0131n madalya kazanan 2 sporcusu da milli tak\u0131m formas\u0131yla T\u00fcrkiye\u2019yi temsil etme hakk\u0131n\u0131 kazand\u0131. T\u00fcrkiye Muaythai Federasyonu\u2019nun 2025 y\u0131l\u0131 faaliyet takviminde yer alan &#8220;Hayrullah Camadan Gen\u00e7ler T\u00fcrkiye Muaythai \u015eampiyonas\u0131&#8221; K\u0131rklareli Gen\u00e7lik&#8230;<\/p>\n","protected":false},"author":1,"featured_media":41945,"comment_status":"open","ping_status":"open","sticky":false,"template":"","format":"standard","meta":{"_crdt_document":"","footnotes":""},"categories":[4],"tags":[],"class_list":["post-41944","post","type-post","status-publish","format-standard","has-post-thumbnail","hentry","category-spor"],"_links":{"self":[{"href":"https:\/\/www.egemtv.com\/index.php?rest_route=\/wp\/v2\/posts\/41944","targetHints":{"allow":["GET"]}}],"collection":[{"href":"https:\/\/www.egemtv.com\/index.php?rest_route=\/wp\/v2\/posts"}],"about":[{"href":"https:\/\/www.egemtv.com\/index.php?rest_route=\/wp\/v2\/types\/post"}],"author":[{"embeddable":true,"href":"https:\/\/www.egemtv.com\/index.php?rest_route=\/wp\/v2\/users\/1"}],"replies":[{"embeddable":true,"href":"https:\/\/www.egemtv.com\/index.php?rest_route=%2Fwp%2Fv2%2Fcomments&post=41944"}],"version-history":[{"count":1,"href":"https:\/\/www.egemtv.com\/index.php?rest_route=\/wp\/v2\/posts\/41944\/revisions"}],"predecessor-version":[{"id":41946,"href":"https:\/\/www.egemtv.com\/index.php?rest_route=\/wp\/v2\/posts\/41944\/revisions\/41946"}],"wp:featuredmedia":[{"embeddable":true,"href":"https:\/\/www.egemtv.com\/index.php?rest_route=\/wp\/v2\/media\/41945"}],"wp:attachment":[{"href":"https:\/\/www.egemtv.com\/index.php?rest_route=%2Fwp%2Fv2%2Fmedia&parent=41944"}],"wp:term":[{"taxonomy":"category","embeddable":true,"href":"https:\/\/www.egemtv.com\/index.php?rest_route=%2Fwp%2Fv2%2Fcategories&post=41944"},{"taxonomy":"post_tag","embeddable":true,"href":"https:\/\/www.egemtv.com\/index.php?rest_route=%2Fwp%2Fv2%2Ftags&post=41944"}],"curies":[{"name":"wp","href":"https:\/\/api.w.org\/{rel}","templated":true}]}}