{"id":41941,"date":"2025-07-14T14:16:35","date_gmt":"2025-07-14T11:16:35","guid":{"rendered":"https:\/\/www.egemtv.com\/?p=41941"},"modified":"2025-07-14T14:16:40","modified_gmt":"2025-07-14T11:16:40","slug":"alasehirde-orman-yanginlarina-karsi-4-asamali-acil-eylem-plani","status":"publish","type":"post","link":"https:\/\/www.egemtv.com\/?p=41941","title":{"rendered":"Ala\u015fehir\u2019de orman yang\u0131nlar\u0131na kar\u015f\u0131 4 a\u015famal\u0131 acil eylem plan\u0131"},"content":{"rendered":"<p>Manisa\u2019n\u0131n Ala\u015fehir il\u00e7esinde yaz aylar\u0131nda artan orman yang\u0131nlar\u0131 riskine kar\u015f\u0131 \u00f6nlem almak amac\u0131yla Ala\u015fehir Kaymakaml\u0131\u011f\u0131 \u00f6nc\u00fcl\u00fc\u011f\u00fcnde geni\u015f kat\u0131l\u0131ml\u0131 bir de\u011ferlendirme toplant\u0131s\u0131 yap\u0131ld\u0131.<br \/>\n<br \/>Manisa\u2019n\u0131n Ala\u015fehir il\u00e7esinde yaz aylar\u0131nda artan orman yang\u0131nlar\u0131na kar\u015f\u0131 \u00f6nlemler i\u00e7in Kaymakam Alper Faruk G\u00fcng\u00f6r ba\u015fkanl\u0131\u011f\u0131nda d\u00fczenlenen toplant\u0131ya; \u0130l\u00e7e Jandarma Komutan\u0131 J. Kd. Yzb. Yal\u00e7\u0131n G\u00fcrenci, Orman \u0130\u015fletme \u015eefi Yasin Demirer, itfaiye, belediye, \u0130l\u00e7e Milli E\u011fitim M\u00fcd\u00fcrl\u00fc\u011f\u00fc ve mahalle muhtarlar\u0131 kat\u0131ld\u0131.<br \/>\n<br \/>Toplant\u0131da; b\u00f6lgede yap\u0131lan risk analizleri, h\u0131zl\u0131 m\u00fcdahale ekiplerinin olu\u015fturulmas\u0131, mahalle bazl\u0131 WhatsApp gruplar\u0131yla koordinasyon sa\u011flanmas\u0131, yang\u0131n \u00f6ncesi ve sonras\u0131 planlamalar ele al\u0131nd\u0131. Kaymakam G\u00fcng\u00f6r, &#8220;Amac\u0131m\u0131z yang\u0131n \u00e7\u0131kmadan \u00f6nlem almak, \u00e7\u0131kt\u0131\u011f\u0131nda ise en k\u0131sa s\u00fcrede m\u00fcdahale edebilmektir&#8221; dedi.<br \/>\n<br \/>&#8220;Orman Yang\u0131n\u0131 Riskini Azaltma Plan\u0131&#8221; kapsam\u0131nda a\u00e7\u0131klanan d\u00f6rt a\u015famal\u0131 \u00f6nlem plan\u0131nda; k\u00f6ylerde g\u00f6n\u00fcll\u00fc yang\u0131n ekibi kurulmas\u0131, yang\u0131n havuzlar\u0131 ve su tankerlerinin aktif tutulmas\u0131, orman s\u0131n\u0131rlar\u0131nda kuru otlar\u0131n imece usul\u00fcyle temizlenmesi, GEDA\u015e ve AYDEM i\u015f birli\u011fiyle elektrik hatlar\u0131n\u0131n denetlenmesi yer ald\u0131.<br \/>\n<br \/>Ayr\u0131ca an\u0131z yak\u0131m\u0131na s\u0131k\u0131 denetim yap\u0131laca\u011f\u0131, muhtarlara kesin talimat verildi\u011fi, vatanda\u015flara cam \u015fi\u015fe ve izmarit atmama, r\u00fczg\u00e2rl\u0131 havalarda ate\u015f yakmama, ev \u00e7evresindeki kuru otlar\u0131n temizlenmesi konular\u0131nda bro\u015f\u00fcr da\u011f\u0131t\u0131ld\u0131\u011f\u0131 bildirildi.<br \/>\n<br \/>\u00c7ocuklara y\u00f6nelik okul temelli e\u011fitimler, bilgilendirici afi\u015f ve animasyon \u00e7al\u0131\u015fmalar\u0131 planlan\u0131rken; trakt\u00f6r r\u00f6morklar\u0131na su tank\u0131 tak\u0131lmas\u0131, evlerin bah\u00e7elerine koruyucu bo\u015fluk b\u0131rak\u0131lmas\u0131 ve k\u00f6y yollar\u0131n\u0131n d\u00fczenli a\u00e7\u0131k tutulmas\u0131 da somut \u00f6nlemler aras\u0131nda yer ald\u0131.<br \/>\n<br \/>Kaymakam G\u00fcng\u00f6r, &#8220;Bu topraklar hepimizin. Bir k\u0131v\u0131lc\u0131m binlerce a\u011fac\u0131, hayvan\u0131 ve ge\u00e7im kayna\u011f\u0131m\u0131z\u0131 yok edebilir&#8221; diyerek vatanda\u015flara duyarl\u0131l\u0131k \u00e7a\u011fr\u0131s\u0131 yapt\u0131.<br \/><\/p>\n","protected":false},"excerpt":{"rendered":"<p>Manisa\u2019n\u0131n Ala\u015fehir il\u00e7esinde yaz aylar\u0131nda artan orman yang\u0131nlar\u0131 riskine kar\u015f\u0131 \u00f6nlem almak amac\u0131yla Ala\u015fehir Kaymakaml\u0131\u011f\u0131 \u00f6nc\u00fcl\u00fc\u011f\u00fcnde geni\u015f kat\u0131l\u0131ml\u0131 bir de\u011ferlendirme toplant\u0131s\u0131 yap\u0131ld\u0131. Manisa\u2019n\u0131n Ala\u015fehir il\u00e7esinde yaz aylar\u0131nda artan orman yang\u0131nlar\u0131na kar\u015f\u0131 \u00f6nlemler i\u00e7in Kaymakam Alper Faruk G\u00fcng\u00f6r ba\u015fkanl\u0131\u011f\u0131nda d\u00fczenlenen toplant\u0131ya; \u0130l\u00e7e Jandarma Komutan\u0131 J. Kd. Yzb. Yal\u00e7\u0131n G\u00fcrenci, Orman \u0130\u015fletme \u015eefi Yasin Demirer, itfaiye, belediye,&#8230;<\/p>\n","protected":false},"author":1,"featured_media":41942,"comment_status":"open","ping_status":"open","sticky":false,"template":"","format":"standard","meta":{"_crdt_document":"","footnotes":""},"categories":[5],"tags":[],"class_list":["post-41941","post","type-post","status-publish","format-standard","has-post-thumbnail","hentry","category-asayis"],"_links":{"self":[{"href":"https:\/\/www.egemtv.com\/index.php?rest_route=\/wp\/v2\/posts\/41941","targetHints":{"allow":["GET"]}}],"collection":[{"href":"https:\/\/www.egemtv.com\/index.php?rest_route=\/wp\/v2\/posts"}],"about":[{"href":"https:\/\/www.egemtv.com\/index.php?rest_route=\/wp\/v2\/types\/post"}],"author":[{"embeddable":true,"href":"https:\/\/www.egemtv.com\/index.php?rest_route=\/wp\/v2\/users\/1"}],"replies":[{"embeddable":true,"href":"https:\/\/www.egemtv.com\/index.php?rest_route=%2Fwp%2Fv2%2Fcomments&post=41941"}],"version-history":[{"count":1,"href":"https:\/\/www.egemtv.com\/index.php?rest_route=\/wp\/v2\/posts\/41941\/revisions"}],"predecessor-version":[{"id":41943,"href":"https:\/\/www.egemtv.com\/index.php?rest_route=\/wp\/v2\/posts\/41941\/revisions\/41943"}],"wp:featuredmedia":[{"embeddable":true,"href":"https:\/\/www.egemtv.com\/index.php?rest_route=\/wp\/v2\/media\/41942"}],"wp:attachment":[{"href":"https:\/\/www.egemtv.com\/index.php?rest_route=%2Fwp%2Fv2%2Fmedia&parent=41941"}],"wp:term":[{"taxonomy":"category","embeddable":true,"href":"https:\/\/www.egemtv.com\/index.php?rest_route=%2Fwp%2Fv2%2Fcategories&post=41941"},{"taxonomy":"post_tag","embeddable":true,"href":"https:\/\/www.egemtv.com\/index.php?rest_route=%2Fwp%2Fv2%2Ftags&post=41941"}],"curies":[{"name":"wp","href":"https:\/\/api.w.org\/{rel}","templated":true}]}}