{"id":41779,"date":"2025-07-13T16:34:46","date_gmt":"2025-07-13T13:34:46","guid":{"rendered":"https:\/\/www.egemtv.com\/?p=41779"},"modified":"2025-07-13T16:34:48","modified_gmt":"2025-07-13T13:34:48","slug":"sehit-kardesinden-terorsuz-turkiye-surecine-muhalefet-edenlere-sert-cikis","status":"publish","type":"post","link":"https:\/\/www.egemtv.com\/?p=41779","title":{"rendered":"\u015eehit karde\u015finden &#8220;Ter\u00f6rs\u00fcz T\u00fcrkiye&#8221; s\u00fcrecine muhalefet edenlere sert \u00e7\u0131k\u0131\u015f"},"content":{"rendered":"<p>\u015eehit Sefanur Parhan\u2019n\u0131n yak\u0131nlar\u0131 &#8220;Ter\u00f6rs\u00fcz T\u00fcrkiye&#8221; s\u00fcrecine tam destek verdi. Sosyal medya hesab\u0131ndan payla\u015f\u0131mda bulunan karde\u015fi Fehmi Parhan, &#8220;Yahu Allah a\u015fk\u0131na ne olsun istiyorsunuz. Yetmedi mi \u015fehit analar\u0131n\u0131n feryad\u0131, yetmedi mi \u015fehit babalar\u0131n\u0131n ac\u0131s\u0131? Ter\u00f6rs\u00fcz bir T\u00fcrkiye istemiyor musunuz?&#8221; ifadelerine yer verdi.<br \/>\n<br \/>Irak\u2019\u0131n kuzeyindeki S\u00fcleymaniye kentinde ter\u00f6r \u00f6rg\u00fct\u00fc PKK\u2019n\u0131n d\u00fczenledi\u011fi sembolik t\u00f6renle silah b\u0131rakmas\u0131n\u0131n ard\u0131ndan T\u00fcrkiye\u2019de ba\u015flayan tart\u0131\u015fmalar s\u00fcr\u00fcyor. S\u00fcrece y\u00f6nelik baz\u0131 \u00e7evrelerden gelen ele\u015ftiriler ise kamuoyunda farkl\u0131 tepkilere yol a\u00e7t\u0131. Bu tepkilerden biri de bir \u015fehit karde\u015finden geldi. \u015eehit Sefanur Parhan\u2019\u0131n karde\u015fi Fehmi Parhan, sosyal medya hesab\u0131ndan yapt\u0131\u011f\u0131 payla\u015f\u0131mda, silah b\u0131rakma ad\u0131m\u0131na kar\u015f\u0131 \u00e7\u0131kanlar\u0131 ele\u015ftirerek dikkat \u00e7eken ifadeler kulland\u0131. Parhan, &#8220;Se\u00e7imlerde koltuk i\u00e7in \u2019Bir oy CHP\u2019ye, bir oy HDP\u2019ye\u2019 diyenler; bug\u00fcn ter\u00f6r \u00f6rg\u00fct\u00fcn\u00fcn silah b\u0131rakmas\u0131na ve 40 y\u0131ll\u0131k kanayan yaran\u0131n kapanmas\u0131na muhalefet ediyor. Yahu Allah a\u015fk\u0131na ne olsun istiyorsunuz. Yetmedi mi \u015fehit analar\u0131n\u0131n feryad\u0131, yetmedi mi \u015fehit babalar\u0131n\u0131n ac\u0131s\u0131? Ter\u00f6rs\u00fcz bir T\u00fcrkiye istemiyor musunuz?&#8221; c\u00fcmlelerine yer verdi.<\/p>\n<p>&#8220;Ter\u00f6rle en \u00e7ok m\u00fccadele eden h\u00fck\u00fcmet bu ba\u015far\u0131y\u0131 sa\u011flad\u0131&#8221;<br \/>\n<br \/>A\u00e7\u0131klamas\u0131nda Cumhurba\u015fkan\u0131 Recep Tayyip Erdo\u011fan\u2019a da destek veren Parhan, \u015fu de\u011ferlendirmede bulundu:<br \/>\n<br \/>&#8220;Ter\u00f6rle en \u00e7ok m\u00fccadele eden bir h\u00fck\u00fcmet, bu eli kanl\u0131 yap\u0131n\u0131n sonlanmas\u0131n\u0131 ve silah b\u0131rakmas\u0131n\u0131 sa\u011flam\u0131\u015ft\u0131r. Devlet akl\u0131 ve y\u00fczy\u0131l\u0131n lideri \u00f6nc\u00fcl\u00fc\u011f\u00fcnde, d\u00fcnyaya bar\u0131\u015f getirme \u00e7abas\u0131nda oldu\u011fumuz bu y\u0131llarda katk\u0131 sunmuyorsan\u0131z, hi\u00e7 olmazsa muhalefet etmeyin. Cumhurba\u015fkan\u0131m\u0131z Recep Tayyip Erdo\u011fan sizin gibi makam i\u00e7in de\u011fil, analar\u0131n evlats\u0131z, \u00e7ocuklar\u0131n ise babas\u0131z kalmamas\u0131 i\u00e7in u\u011fra\u015f\u0131yor. Allah devletimize zeval vermesin&#8221;<br \/><\/p>\n","protected":false},"excerpt":{"rendered":"<p>\u015eehit Sefanur Parhan\u2019n\u0131n yak\u0131nlar\u0131 &#8220;Ter\u00f6rs\u00fcz T\u00fcrkiye&#8221; s\u00fcrecine tam destek verdi. Sosyal medya hesab\u0131ndan payla\u015f\u0131mda bulunan karde\u015fi Fehmi Parhan, &#8220;Yahu Allah a\u015fk\u0131na ne olsun istiyorsunuz. Yetmedi mi \u015fehit analar\u0131n\u0131n feryad\u0131, yetmedi mi \u015fehit babalar\u0131n\u0131n ac\u0131s\u0131? Ter\u00f6rs\u00fcz bir T\u00fcrkiye istemiyor musunuz?&#8221; ifadelerine yer verdi. Irak\u2019\u0131n kuzeyindeki S\u00fcleymaniye kentinde ter\u00f6r \u00f6rg\u00fct\u00fc PKK\u2019n\u0131n d\u00fczenledi\u011fi sembolik t\u00f6renle silah b\u0131rakmas\u0131n\u0131n ard\u0131ndan&#8230;<\/p>\n","protected":false},"author":1,"featured_media":41780,"comment_status":"open","ping_status":"open","sticky":false,"template":"","format":"standard","meta":{"_crdt_document":"","footnotes":""},"categories":[1],"tags":[],"class_list":["post-41779","post","type-post","status-publish","format-standard","has-post-thumbnail","hentry","category-guncel"],"_links":{"self":[{"href":"https:\/\/www.egemtv.com\/index.php?rest_route=\/wp\/v2\/posts\/41779","targetHints":{"allow":["GET"]}}],"collection":[{"href":"https:\/\/www.egemtv.com\/index.php?rest_route=\/wp\/v2\/posts"}],"about":[{"href":"https:\/\/www.egemtv.com\/index.php?rest_route=\/wp\/v2\/types\/post"}],"author":[{"embeddable":true,"href":"https:\/\/www.egemtv.com\/index.php?rest_route=\/wp\/v2\/users\/1"}],"replies":[{"embeddable":true,"href":"https:\/\/www.egemtv.com\/index.php?rest_route=%2Fwp%2Fv2%2Fcomments&post=41779"}],"version-history":[{"count":1,"href":"https:\/\/www.egemtv.com\/index.php?rest_route=\/wp\/v2\/posts\/41779\/revisions"}],"predecessor-version":[{"id":41781,"href":"https:\/\/www.egemtv.com\/index.php?rest_route=\/wp\/v2\/posts\/41779\/revisions\/41781"}],"wp:featuredmedia":[{"embeddable":true,"href":"https:\/\/www.egemtv.com\/index.php?rest_route=\/wp\/v2\/media\/41780"}],"wp:attachment":[{"href":"https:\/\/www.egemtv.com\/index.php?rest_route=%2Fwp%2Fv2%2Fmedia&parent=41779"}],"wp:term":[{"taxonomy":"category","embeddable":true,"href":"https:\/\/www.egemtv.com\/index.php?rest_route=%2Fwp%2Fv2%2Fcategories&post=41779"},{"taxonomy":"post_tag","embeddable":true,"href":"https:\/\/www.egemtv.com\/index.php?rest_route=%2Fwp%2Fv2%2Ftags&post=41779"}],"curies":[{"name":"wp","href":"https:\/\/api.w.org\/{rel}","templated":true}]}}