{"id":41776,"date":"2025-07-13T16:16:11","date_gmt":"2025-07-13T13:16:11","guid":{"rendered":"https:\/\/www.egemtv.com\/?p=41776"},"modified":"2025-07-13T16:16:20","modified_gmt":"2025-07-13T13:16:20","slug":"alasehirde-temiz-bir-doga-icin-el-ele-verdiler","status":"publish","type":"post","link":"https:\/\/www.egemtv.com\/?p=41776","title":{"rendered":"Ala\u015fehir\u2019de temiz bir do\u011fa i\u00e7in el ele verdiler"},"content":{"rendered":"<p>MAN\u0130SA (\u0130HA) \u2013 Manisa\u2019n\u0131n Ala\u015fehir il\u00e7esinde, son g\u00fcnlerde artan orman yang\u0131nlar\u0131na dikkat \u00e7ekmek ve do\u011fa bilincini art\u0131rmak amac\u0131yla \u00e7evre temizli\u011fi etkinli\u011fi d\u00fczenlendi.<br \/>\n<br \/>Ala\u015fehir Do\u011fa ve \u00c7evre G\u00f6n\u00fcll\u00fcleri Derne\u011fi (ADO\u00c7EV) ile Ala\u015fehir Belediyesi i\u015f birli\u011finde Evrenli Mahallesi\u2019ndeki ormanl\u0131k piknik alan\u0131nda ger\u00e7ekle\u015ftirilen etkinli\u011fe vatanda\u015flar yo\u011fun ilgi g\u00f6sterdi. Etkinli\u011fe Ala\u015fehir Belediye Ba\u015fkan\u0131 Ahmet \u00d6k\u00fczc\u00fco\u011flu ve e\u015fi Selen \u00d6k\u00fczc\u00fco\u011flu\u2019nun yan\u0131 s\u0131ra belediye personeli, ADO\u00c7EV \u00fcyeleri ve \u00e7ok say\u0131da do\u011fa g\u00f6n\u00fcll\u00fcs\u00fc kat\u0131ld\u0131. Belediye temizlik ekipleri ile ara\u00e7 deste\u011fi sa\u011flarken, kat\u0131l\u0131mc\u0131lar ormanl\u0131k alanda cam \u015fi\u015felerden po\u015fetlere, evsel at\u0131klardan plastiklere kadar pek \u00e7ok at\u0131\u011f\u0131 toplayarak do\u011fay\u0131 temizledi. Etkinlikte konu\u015fan ADO\u00c7EV Ba\u015fkan\u0131 Alev G\u00fcm\u00fc\u015fl\u00fc, \u00f6zellikle cam \u015fi\u015felerin orman yang\u0131nlar\u0131na neden oldu\u011funa dikkat \u00e7ekerek, &#8220;Her g\u00fcn yeni bir yang\u0131n haberiyle kar\u015f\u0131la\u015f\u0131yoruz. Bu yang\u0131nlar\u0131n \u00e7o\u011fu insan kaynakl\u0131 ihmallerden \u00e7\u0131k\u0131yor. Piknik alanlar\u0131nda b\u0131rak\u0131lan cam \u015fi\u015feler b\u00fcy\u00fcte\u00e7 g\u00f6revi g\u00f6rerek yang\u0131nlara sebep oluyor. Ne yaz\u0131k ki yang\u0131nlar\u0131n y\u00fczde 80\u2019inin cam \u015fi\u015felerden kaynakland\u0131\u011f\u0131 biliniyor. Bu nedenle vatanda\u015flar\u0131m\u0131zdan \u00e7evre konusunda daha duyarl\u0131 olmalar\u0131n\u0131 bekliyoruz&#8221; dedi.<\/p>\n<p>&#8220;Yakla\u015f\u0131k bir trakt\u00f6r \u00e7\u00f6p toplad\u0131k&#8221;<br \/>\n<br \/>Temizlik etkinli\u011fine destek veren Ala\u015fehir Belediye Ba\u015fkan\u0131 Ahmet \u00d6k\u00fczc\u00fco\u011flu ise &#8220;Do\u011fay\u0131 sevmek sadece piknik yapmakla olmaz. Bug\u00fcn yakla\u015f\u0131k 100 metrekarelik bir alandan neredeyse bir trakt\u00f6r dolusu \u00e7\u00f6p toplad\u0131k. Cam \u015fi\u015feler, po\u015fetler, plastik at\u0131klar\u2026 T\u00fcm bunlar hem \u00e7evreyi kirletiyor hem de orman yang\u0131nlar\u0131na davetiye \u00e7\u0131kar\u0131yor. Vatanda\u015flar\u0131m\u0131zdan iste\u011fimiz, l\u00fctfen do\u011fay\u0131 kullanal\u0131m ama ard\u0131m\u0131zda \u00e7\u00f6p b\u0131rakmayal\u0131m. Cam at\u0131klar\u0131m\u0131z\u0131 cam kumbaralar\u0131na atal\u0131m, biz de belediye olarak bu at\u0131klar\u0131 geri d\u00f6n\u00fc\u015f\u00fcm tesislerine ula\u015ft\u0131ral\u0131m. ADO\u00c7EV ile birlikte ger\u00e7ekle\u015ftirdi\u011fimiz bu etkinlik i\u00e7in t\u00fcm g\u00f6n\u00fcll\u00fclere te\u015fekk\u00fcr ediyorum&#8221; ifadelerini kulland\u0131.<br \/><\/p>\n","protected":false},"excerpt":{"rendered":"<p>MAN\u0130SA (\u0130HA) \u2013 Manisa\u2019n\u0131n Ala\u015fehir il\u00e7esinde, son g\u00fcnlerde artan orman yang\u0131nlar\u0131na dikkat \u00e7ekmek ve do\u011fa bilincini art\u0131rmak amac\u0131yla \u00e7evre temizli\u011fi etkinli\u011fi d\u00fczenlendi. Ala\u015fehir Do\u011fa ve \u00c7evre G\u00f6n\u00fcll\u00fcleri Derne\u011fi (ADO\u00c7EV) ile Ala\u015fehir Belediyesi i\u015f birli\u011finde Evrenli Mahallesi\u2019ndeki ormanl\u0131k piknik alan\u0131nda ger\u00e7ekle\u015ftirilen etkinli\u011fe vatanda\u015flar yo\u011fun ilgi g\u00f6sterdi. Etkinli\u011fe Ala\u015fehir Belediye Ba\u015fkan\u0131 Ahmet \u00d6k\u00fczc\u00fco\u011flu ve e\u015fi Selen \u00d6k\u00fczc\u00fco\u011flu\u2019nun&#8230;<\/p>\n","protected":false},"author":1,"featured_media":41777,"comment_status":"open","ping_status":"open","sticky":false,"template":"","format":"standard","meta":{"_crdt_document":"","footnotes":""},"categories":[1],"tags":[],"class_list":["post-41776","post","type-post","status-publish","format-standard","has-post-thumbnail","hentry","category-guncel"],"_links":{"self":[{"href":"https:\/\/www.egemtv.com\/index.php?rest_route=\/wp\/v2\/posts\/41776","targetHints":{"allow":["GET"]}}],"collection":[{"href":"https:\/\/www.egemtv.com\/index.php?rest_route=\/wp\/v2\/posts"}],"about":[{"href":"https:\/\/www.egemtv.com\/index.php?rest_route=\/wp\/v2\/types\/post"}],"author":[{"embeddable":true,"href":"https:\/\/www.egemtv.com\/index.php?rest_route=\/wp\/v2\/users\/1"}],"replies":[{"embeddable":true,"href":"https:\/\/www.egemtv.com\/index.php?rest_route=%2Fwp%2Fv2%2Fcomments&post=41776"}],"version-history":[{"count":1,"href":"https:\/\/www.egemtv.com\/index.php?rest_route=\/wp\/v2\/posts\/41776\/revisions"}],"predecessor-version":[{"id":41778,"href":"https:\/\/www.egemtv.com\/index.php?rest_route=\/wp\/v2\/posts\/41776\/revisions\/41778"}],"wp:featuredmedia":[{"embeddable":true,"href":"https:\/\/www.egemtv.com\/index.php?rest_route=\/wp\/v2\/media\/41777"}],"wp:attachment":[{"href":"https:\/\/www.egemtv.com\/index.php?rest_route=%2Fwp%2Fv2%2Fmedia&parent=41776"}],"wp:term":[{"taxonomy":"category","embeddable":true,"href":"https:\/\/www.egemtv.com\/index.php?rest_route=%2Fwp%2Fv2%2Fcategories&post=41776"},{"taxonomy":"post_tag","embeddable":true,"href":"https:\/\/www.egemtv.com\/index.php?rest_route=%2Fwp%2Fv2%2Ftags&post=41776"}],"curies":[{"name":"wp","href":"https:\/\/api.w.org\/{rel}","templated":true}]}}